{"id":922,"date":"2019-12-01T18:54:00","date_gmt":"2019-12-01T16:54:00","guid":{"rendered":"https:\/\/www.alajarvenankkurit.fi\/yleisurheilu\/?p=922"},"modified":"2020-01-19T21:15:47","modified_gmt":"2020-01-19T19:15:47","slug":"alajarven-urheilugaalassa-palkittiin-yleisurheilijoita-ilari-huttula-vuoden-valmentaja","status":"publish","type":"post","link":"https:\/\/www.alajarvenankkurit.fi\/yleisurheilu\/tuloksia\/alajarven-urheilugaalassa-palkittiin-yleisurheilijoita-ilari-huttula-vuoden-valmentaja\/","title":{"rendered":"Alaj\u00e4rven urheilugaalassa palkittiin yleisurheilijoita &#8211; Ilari Huttula Vuoden Valmentaja"},"content":{"rendered":"\n<p>Urheilukauden p\u00e4\u00e4t\u00f6sjuhlaa vietettiin uudessa\n\t\t\t\t\tMonitoimihallissa su 1.12.2019 ja yleisurheilun menestyksek\u00e4s\n\t\t\t\t\tvuosi tuli hyvin esille. Seuran toistaiseksi ainoan aikuisten\n\t\t\t\t\tarvokisamitalin tuonut <strong>Reijo V\u00e4h\u00e4l\u00e4<\/strong>\n\t\t\t\t\tkunnioitti l\u00e4sn\u00e4olollaan juhlaa ja muisteli 50 vuoden\n\t\t\t\t\ttakaisia tapahtumia Ateenan EM-kisojen korkeushypyss\u00e4.<\/p>\n\n\n\n<p>Alaj\u00e4rven kaupunki palkitsi stipendill\u00e4 SM-mitaleita saavuttaneet urheilijat: <strong>Antti Iham\u00e4ki, Mikko Paavola, Juhana Karjanlahti, Eucabeth Kivikangas ja Ville-Veikko Keski-Levijoki<\/strong>. Palkittujen joukkoon liittyi my\u00f6s moninkertainen veteraanisarjojen SM- ja arvokisamitalisti <strong>Heikki Myllykangas<\/strong>. Vuoden valmentajaksi valittiin heitt\u00e4j\u00e4valmentaja <strong>Ilari Huttula<\/strong>, jonka  valmennettavat ovat saavuttaneet jo useita SM-mitaleja ja yhden arvokisamitalin.  <\/p>\n\n\n\n<figure class=\"wp-block-gallery columns-2 is-cropped wp-block-gallery-1 is-layout-flex wp-block-gallery-is-layout-flex\"><ul class=\"blocks-gallery-grid\"><li class=\"blocks-gallery-item\"><figure><img loading=\"lazy\" decoding=\"async\" width=\"326\" height=\"219\" src=\"https:\/\/www.alajarvenankkurit.fi\/yleisurheilu\/wp-content\/uploads\/sites\/2\/2020\/01\/Ilari.jpeg\" alt=\"\" data-id=\"924\" data-link=\"https:\/\/www.alajarvenankkurit.fi\/yleisurheilu\/?attachment_id=924\" class=\"wp-image-924\" srcset=\"https:\/\/www.alajarvenankkurit.fi\/yleisurheilu\/wp-content\/uploads\/sites\/2\/2020\/01\/Ilari.jpeg 326w, https:\/\/www.alajarvenankkurit.fi\/yleisurheilu\/wp-content\/uploads\/sites\/2\/2020\/01\/Ilari-300x202.jpeg 300w\" sizes=\"auto, (max-width: 326px) 100vw, 326px\" \/><\/figure><\/li><li class=\"blocks-gallery-item\"><figure><img loading=\"lazy\" decoding=\"async\" width=\"2048\" height=\"1536\" src=\"https:\/\/www.alajarvenankkurit.fi\/yleisurheilu\/wp-content\/uploads\/sites\/2\/2020\/01\/20191201_132336-2048x1536.jpg\" alt=\"\" data-id=\"925\" data-full-url=\"https:\/\/www.alajarvenankkurit.fi\/yleisurheilu\/wp-content\/uploads\/sites\/2\/2020\/01\/20191201_132336-scaled.jpg\" data-link=\"https:\/\/www.alajarvenankkurit.fi\/yleisurheilu\/?attachment_id=925\" class=\"wp-image-925\" srcset=\"https:\/\/www.alajarvenankkurit.fi\/yleisurheilu\/wp-content\/uploads\/sites\/2\/2020\/01\/20191201_132336-2048x1536.jpg 2048w, https:\/\/www.alajarvenankkurit.fi\/yleisurheilu\/wp-content\/uploads\/sites\/2\/2020\/01\/20191201_132336-300x225.jpg 300w, https:\/\/www.alajarvenankkurit.fi\/yleisurheilu\/wp-content\/uploads\/sites\/2\/2020\/01\/20191201_132336-768x576.jpg 768w, https:\/\/www.alajarvenankkurit.fi\/yleisurheilu\/wp-content\/uploads\/sites\/2\/2020\/01\/20191201_132336-1536x1152.jpg 1536w\" sizes=\"auto, (max-width: 767px) 89vw, (max-width: 1000px) 54vw, (max-width: 1071px) 543px, 580px\" \/><\/figure><\/li><\/ul><\/figure>\n\n\n\n<p>Yleisurheilujaosto muisti erikoispalkinnolla valmentajaa ja\n\t\t\t\t\ttuoretta is\u00e4\u00e4 <strong>Sami Peltom\u00e4ke\u00e4<\/strong>, joka\n\t\t\t\t\ton kertonut lopettavansa aktiiviurheilun. Lis\u00e4ksi\n\t\t\t\t\tyleisurheilujaosto palkitsi seuraavat vuonna 2019 hyvin\n\t\t\t\t\tmenestyneet yleisurheilijat:<\/p>\n\n\n\n<p>Aada Piispanen, Hanna Siiril\u00e4, Viola Takala, Eevertti\n\t\t\t\t\tKantanen, Katariina Lepp\u00e4aho, Sara Vuorela, Anniina\n\t\t\t\t\tViitasaari, Emmi Pitk\u00e4kangas, Emmi Piispanen, Ilona Takala,\n\t\t\t\t\tMilja-Maria Lahti, Seliina Kuoppa-aho, Liinu J\u00e4rvinen,\n\t\t\t\t\tHenri Pitk\u00e4kangas, Ville-Veikko Keski-Levijoki, Olavi\n\t\t\t\t\tYli-Mannila, Eucabeth Kivikangas, Oskari Lepp\u00e4aho, Aleksi\n\t\t\t\t\tYli-Mannila, Juhana Karjanlahti, Teemu Tuomela, Mikko Paavola ja\n\t\t\t\t\tAntti Iham\u00e4ki.<\/p>\n\n\n\n<figure class=\"wp-block-image size-large\"><img loading=\"lazy\" decoding=\"async\" width=\"2048\" height=\"1152\" src=\"https:\/\/www.alajarvenankkurit.fi\/yleisurheilu\/wp-content\/uploads\/sites\/2\/2020\/01\/20191201_141312-2048x1152.jpg\" alt=\"\" class=\"wp-image-923\" srcset=\"https:\/\/www.alajarvenankkurit.fi\/yleisurheilu\/wp-content\/uploads\/sites\/2\/2020\/01\/20191201_141312-2048x1152.jpg 2048w, https:\/\/www.alajarvenankkurit.fi\/yleisurheilu\/wp-content\/uploads\/sites\/2\/2020\/01\/20191201_141312-300x169.jpg 300w, https:\/\/www.alajarvenankkurit.fi\/yleisurheilu\/wp-content\/uploads\/sites\/2\/2020\/01\/20191201_141312-768x432.jpg 768w, https:\/\/www.alajarvenankkurit.fi\/yleisurheilu\/wp-content\/uploads\/sites\/2\/2020\/01\/20191201_141312-1536x864.jpg 1536w\" sizes=\"auto, (max-width: 767px) 89vw, (max-width: 1000px) 54vw, (max-width: 1071px) 543px, 580px\" \/><figcaption>Menestyksekk\u00e4\u00e4n yleisurheiluvuoden 2019 palkitut (paikalle eiv\u00e4t p\u00e4\u00e4sseet: Eevertti Kantanen, Sara Vuorela, Liinu J\u00e4rvinen, Anniina Viitasaari, Ilona Takala ja Seliina Kuoppa-aho).<\/figcaption><\/figure>\n","protected":false},"excerpt":{"rendered":"<p>Urheilukauden p\u00e4\u00e4t\u00f6sjuhlaa vietettiin uudessa Monitoimihallissa su 1.12.2019 ja yleisurheilun menestyksek\u00e4s vuosi tuli hyvin esille. Seuran toistaiseksi ainoan aikuisten arvokisamitalin tuonut Reijo V\u00e4h\u00e4l\u00e4 kunnioitti l\u00e4sn\u00e4olollaan juhlaa ja muisteli 50 vuoden takaisia tapahtumia Ateenan EM-kisojen korkeushypyss\u00e4. Alaj\u00e4rven kaupunki palkitsi stipendill\u00e4 SM-mitaleita saavuttaneet urheilijat: Antti Iham\u00e4ki, Mikko Paavola, Juhana Karjanlahti, Eucabeth Kivikangas ja Ville-Veikko Keski-Levijoki. Palkittujen joukkoon liittyi &hellip; <\/p>\n<p class=\"link-more\"><a href=\"https:\/\/www.alajarvenankkurit.fi\/yleisurheilu\/tuloksia\/alajarven-urheilugaalassa-palkittiin-yleisurheilijoita-ilari-huttula-vuoden-valmentaja\/\" class=\"more-link\">Jatka lukemista<span class=\"screen-reader-text\"> &#8221;Alaj\u00e4rven urheilugaalassa palkittiin yleisurheilijoita &#8211; Ilari Huttula Vuoden Valmentaja&#8221;<\/span><\/a><\/p>\n","protected":false},"author":5,"featured_media":0,"comment_status":"closed","ping_status":"open","sticky":false,"template":"","format":"standard","meta":{"footnotes":""},"categories":[21,4],"tags":[],"class_list":["post-922","post","type-post","status-publish","format-standard","hentry","category-21","category-tuloksia"],"_links":{"self":[{"href":"https:\/\/www.alajarvenankkurit.fi\/yleisurheilu\/wp-json\/wp\/v2\/posts\/922","targetHints":{"allow":["GET"]}}],"collection":[{"href":"https:\/\/www.alajarvenankkurit.fi\/yleisurheilu\/wp-json\/wp\/v2\/posts"}],"about":[{"href":"https:\/\/www.alajarvenankkurit.fi\/yleisurheilu\/wp-json\/wp\/v2\/types\/post"}],"author":[{"embeddable":true,"href":"https:\/\/www.alajarvenankkurit.fi\/yleisurheilu\/wp-json\/wp\/v2\/users\/5"}],"replies":[{"embeddable":true,"href":"https:\/\/www.alajarvenankkurit.fi\/yleisurheilu\/wp-json\/wp\/v2\/comments?post=922"}],"version-history":[{"count":2,"href":"https:\/\/www.alajarvenankkurit.fi\/yleisurheilu\/wp-json\/wp\/v2\/posts\/922\/revisions"}],"predecessor-version":[{"id":1006,"href":"https:\/\/www.alajarvenankkurit.fi\/yleisurheilu\/wp-json\/wp\/v2\/posts\/922\/revisions\/1006"}],"wp:attachment":[{"href":"https:\/\/www.alajarvenankkurit.fi\/yleisurheilu\/wp-json\/wp\/v2\/media?parent=922"}],"wp:term":[{"taxonomy":"category","embeddable":true,"href":"https:\/\/www.alajarvenankkurit.fi\/yleisurheilu\/wp-json\/wp\/v2\/categories?post=922"},{"taxonomy":"post_tag","embeddable":true,"href":"https:\/\/www.alajarvenankkurit.fi\/yleisurheilu\/wp-json\/wp\/v2\/tags?post=922"}],"curies":[{"name":"wp","href":"https:\/\/api.w.org\/{rel}","templated":true}]}}