{"id":911,"date":"2019-11-24T22:16:00","date_gmt":"2019-11-24T20:16:00","guid":{"rendered":"https:\/\/www.alajarvenankkurit.fi\/yleisurheilu\/?p=911"},"modified":"2020-06-01T00:49:16","modified_gmt":"2020-05-31T21:49:16","slug":"ankkurien-nuoret-eliittifinaalissa","status":"publish","type":"post","link":"https:\/\/www.alajarvenankkurit.fi\/yleisurheilu\/tuloksia\/2019\/ankkurien-nuoret-eliittifinaalissa\/","title":{"rendered":"Ankkurien nuoret Eliittifinaalissa!"},"content":{"rendered":"\n<p>Etel\u00e4-Pohjanmaan piirin 12 parasta sisu-ik\u00e4isten\n\t\t\t\t\tseuraa oli kutsuttu kilpailemaan su 24.11.2019 Kuortaneen\n\t\t\t\t\turheiluhalliin. <strong>Ankkureiden nuori joukkue taisteli upeasti\n\t\t\t\t\tyhteistuloksissa sijalle 7<\/strong>. Kes\u00e4n 2019 j\u00e4lkeen\n\t\t\t\t\tAnkkureilla oli koossa 9:ksi eniten sisupisteit\u00e4 piirin\n\t\t\t\t\tkaikista seuroista. Kes\u00e4n sijoitusta pystyttiin\n\t\t\t\t\tEliittifinaalissa parantamaan kaksi sijaa yl\u00f6sp\u00e4in!\n\t\t\t\t\tSuurin osa kisaajista kilpaili omaa ik\u00e4\u00e4ns\u00e4\n\t\t\t\t\tvanhempien sarjoissa ja mukana oli monta vasta syksyll\u00e4\n\t\t\t\t\tyleisurheilun aloittaneita ensikertalaista. Esim. 15-vuotiaissa\n\t\t\t\t\tkilpailivat urheasti 12-13 -vuotiaat tyt\u00f6t ja 12-vuotiaat\n\t\t\t\t\tpojat.<\/p>\n\n\n\n<p>Yksitt\u00e4isi\u00e4 lajivoittoja ei t\u00e4ll\u00e4 kertaa\n\t\t\t\t\tsaatu, mutta monta hyv\u00e4\u00e4 sijoitusta ja tulosta ja\n\t\t\t\t\tl\u00e4hes kaikki urheilijat tekiv\u00e4t omia enn\u00e4tyksi\u00e4!\n\t\t\t\t\tYksitt\u00e4isist\u00e4 tulostentekij\u00f6ist\u00e4 voi nostaa\n\t\t\t\t\tesiin Hanna Siiril\u00e4n (T11-sarjassa kuula), Sara Vuorelan\n\t\t\t\t\t(T13-sarjassa 60maj ja kuula) sek\u00e4 Seliina Kuoppa-ahon\n\t\t\t\t\t(T15-sarjassa kolmiloikka), hekin kaikki ik\u00e4vuottaan\n\t\t\t\t\tvanhempien sarjoissa. Joukkueen tsemppareina palkittiin Viola\n\t\t\t\t\tTakala ja Niilo Isokangas. Kiitos kaikille huoltajille ja\n\t\t\t\t\tonnittelut urheilijoille hyvist\u00e4 suorituksista! Lajien\n\t\t\t\t\ttulokset l\u00f6ytyv\u00e4t <a href=\"https:\/\/www.tilastopaja.eu\/fi\/db\/tulokset.php?CID=74670\" target=\"_blank\" rel=\"noreferrer noopener\">Tilastopajasta<\/a>\n\t\t\t\t\tja yhteistulokset<a href=\"http:\/\/www.epury.fi\/tulokset\/1821-24-11-eliittifinaali-kuortane-ik-voittoon\" target=\"_blank\" rel=\"noreferrer noopener\">\n\t\t\t\t\tEPU:n sivulta<\/a>.<\/p>\n\n\n\n<figure class=\"wp-block-gallery columns-2 is-cropped wp-block-gallery-1 is-layout-flex wp-block-gallery-is-layout-flex\"><ul class=\"blocks-gallery-grid\"><li class=\"blocks-gallery-item\"><figure><img loading=\"lazy\" decoding=\"async\" width=\"678\" height=\"542\" src=\"https:\/\/www.alajarvenankkurit.fi\/yleisurheilu\/wp-content\/uploads\/sites\/2\/2020\/01\/eliittifinaali-2019-20191124-720_1385-1.jpg\" alt=\"\" data-id=\"912\" data-link=\"https:\/\/www.alajarvenankkurit.fi\/yleisurheilu\/?attachment_id=912\" class=\"wp-image-912\" srcset=\"https:\/\/www.alajarvenankkurit.fi\/yleisurheilu\/wp-content\/uploads\/sites\/2\/2020\/01\/eliittifinaali-2019-20191124-720_1385-1.jpg 678w, https:\/\/www.alajarvenankkurit.fi\/yleisurheilu\/wp-content\/uploads\/sites\/2\/2020\/01\/eliittifinaali-2019-20191124-720_1385-1-300x240.jpg 300w\" sizes=\"auto, (max-width: 678px) 100vw, 678px\" \/><figcaption class=\"blocks-gallery-item__caption\">Liinu J\u00e4rvinen (T13 1000 m)<\/figcaption><\/figure><\/li><li class=\"blocks-gallery-item\"><figure><img loading=\"lazy\" decoding=\"async\" width=\"434\" height=\"542\" src=\"https:\/\/www.alajarvenankkurit.fi\/yleisurheilu\/wp-content\/uploads\/sites\/2\/2020\/01\/eliittifinaali-2019-20191124-720_1454-1.jpg\" alt=\"\" data-id=\"913\" data-link=\"https:\/\/www.alajarvenankkurit.fi\/yleisurheilu\/?attachment_id=913\" class=\"wp-image-913\" srcset=\"https:\/\/www.alajarvenankkurit.fi\/yleisurheilu\/wp-content\/uploads\/sites\/2\/2020\/01\/eliittifinaali-2019-20191124-720_1454-1.jpg 434w, https:\/\/www.alajarvenankkurit.fi\/yleisurheilu\/wp-content\/uploads\/sites\/2\/2020\/01\/eliittifinaali-2019-20191124-720_1454-1-240x300.jpg 240w\" sizes=\"auto, (max-width: 434px) 100vw, 434px\" \/><figcaption class=\"blocks-gallery-item__caption\">Tsempparipystit nappasivat Niilo ja Viola<\/figcaption><\/figure><\/li><li class=\"blocks-gallery-item\"><figure><img loading=\"lazy\" decoding=\"async\" width=\"678\" height=\"542\" src=\"https:\/\/www.alajarvenankkurit.fi\/yleisurheilu\/wp-content\/uploads\/sites\/2\/2020\/01\/eliittifinaali-2019-20191124-720_1343.jpg\" alt=\"\" data-id=\"914\" data-link=\"https:\/\/www.alajarvenankkurit.fi\/yleisurheilu\/?attachment_id=914\" class=\"wp-image-914\" srcset=\"https:\/\/www.alajarvenankkurit.fi\/yleisurheilu\/wp-content\/uploads\/sites\/2\/2020\/01\/eliittifinaali-2019-20191124-720_1343.jpg 678w, https:\/\/www.alajarvenankkurit.fi\/yleisurheilu\/wp-content\/uploads\/sites\/2\/2020\/01\/eliittifinaali-2019-20191124-720_1343-300x240.jpg 300w\" sizes=\"auto, (max-width: 678px) 100vw, 678px\" \/><figcaption class=\"blocks-gallery-item__caption\">Korkeushypyn toimitsijoina Milja-Maria ja Ilona<\/figcaption><\/figure><\/li><li class=\"blocks-gallery-item\"><figure><img loading=\"lazy\" decoding=\"async\" width=\"893\" height=\"917\" src=\"https:\/\/www.alajarvenankkurit.fi\/yleisurheilu\/wp-content\/uploads\/sites\/2\/2020\/01\/Hanna_T11_kuula_rajattu.jpg\" alt=\"\" data-id=\"915\" data-full-url=\"https:\/\/www.alajarvenankkurit.fi\/yleisurheilu\/wp-content\/uploads\/sites\/2\/2020\/01\/Hanna_T11_kuula_rajattu.jpg\" data-link=\"https:\/\/www.alajarvenankkurit.fi\/yleisurheilu\/?attachment_id=915\" class=\"wp-image-915\" srcset=\"https:\/\/www.alajarvenankkurit.fi\/yleisurheilu\/wp-content\/uploads\/sites\/2\/2020\/01\/Hanna_T11_kuula_rajattu.jpg 893w, https:\/\/www.alajarvenankkurit.fi\/yleisurheilu\/wp-content\/uploads\/sites\/2\/2020\/01\/Hanna_T11_kuula_rajattu-292x300.jpg 292w, https:\/\/www.alajarvenankkurit.fi\/yleisurheilu\/wp-content\/uploads\/sites\/2\/2020\/01\/Hanna_T11_kuula_rajattu-768x789.jpg 768w\" sizes=\"auto, (max-width: 767px) 89vw, (max-width: 1000px) 54vw, (max-width: 1071px) 543px, 580px\" \/><figcaption class=\"blocks-gallery-item__caption\">Hanna Siiril\u00e4 T11 kuulassa<\/figcaption><\/figure><\/li><\/ul><\/figure>\n","protected":false},"excerpt":{"rendered":"<p>Etel\u00e4-Pohjanmaan piirin 12 parasta sisu-ik\u00e4isten seuraa oli kutsuttu kilpailemaan su 24.11.2019 Kuortaneen urheiluhalliin. Ankkureiden nuori joukkue taisteli upeasti yhteistuloksissa sijalle 7. Kes\u00e4n 2019 j\u00e4lkeen Ankkureilla oli koossa 9:ksi eniten sisupisteit\u00e4 piirin kaikista seuroista. Kes\u00e4n sijoitusta pystyttiin Eliittifinaalissa parantamaan kaksi sijaa yl\u00f6sp\u00e4in! Suurin osa kisaajista kilpaili omaa ik\u00e4\u00e4ns\u00e4 vanhempien sarjoissa ja mukana oli monta vasta syksyll\u00e4 &hellip; <\/p>\n<p class=\"link-more\"><a href=\"https:\/\/www.alajarvenankkurit.fi\/yleisurheilu\/tuloksia\/2019\/ankkurien-nuoret-eliittifinaalissa\/\" class=\"more-link\">Jatka lukemista<span class=\"screen-reader-text\"> &#8221;Ankkurien nuoret Eliittifinaalissa!&#8221;<\/span><\/a><\/p>\n","protected":false},"author":5,"featured_media":0,"comment_status":"closed","ping_status":"open","sticky":false,"template":"","format":"standard","meta":{"footnotes":""},"categories":[21],"tags":[],"class_list":["post-911","post","type-post","status-publish","format-standard","hentry","category-21"],"_links":{"self":[{"href":"https:\/\/www.alajarvenankkurit.fi\/yleisurheilu\/wp-json\/wp\/v2\/posts\/911","targetHints":{"allow":["GET"]}}],"collection":[{"href":"https:\/\/www.alajarvenankkurit.fi\/yleisurheilu\/wp-json\/wp\/v2\/posts"}],"about":[{"href":"https:\/\/www.alajarvenankkurit.fi\/yleisurheilu\/wp-json\/wp\/v2\/types\/post"}],"author":[{"embeddable":true,"href":"https:\/\/www.alajarvenankkurit.fi\/yleisurheilu\/wp-json\/wp\/v2\/users\/5"}],"replies":[{"embeddable":true,"href":"https:\/\/www.alajarvenankkurit.fi\/yleisurheilu\/wp-json\/wp\/v2\/comments?post=911"}],"version-history":[{"count":2,"href":"https:\/\/www.alajarvenankkurit.fi\/yleisurheilu\/wp-json\/wp\/v2\/posts\/911\/revisions"}],"predecessor-version":[{"id":935,"href":"https:\/\/www.alajarvenankkurit.fi\/yleisurheilu\/wp-json\/wp\/v2\/posts\/911\/revisions\/935"}],"wp:attachment":[{"href":"https:\/\/www.alajarvenankkurit.fi\/yleisurheilu\/wp-json\/wp\/v2\/media?parent=911"}],"wp:term":[{"taxonomy":"category","embeddable":true,"href":"https:\/\/www.alajarvenankkurit.fi\/yleisurheilu\/wp-json\/wp\/v2\/categories?post=911"},{"taxonomy":"post_tag","embeddable":true,"href":"https:\/\/www.alajarvenankkurit.fi\/yleisurheilu\/wp-json\/wp\/v2\/tags?post=911"}],"curies":[{"name":"wp","href":"https:\/\/api.w.org\/{rel}","templated":true}]}}