{"id":897,"date":"2019-08-25T21:57:00","date_gmt":"2019-08-25T18:57:00","guid":{"rendered":"https:\/\/www.alajarvenankkurit.fi\/yleisurheilu\/?p=897"},"modified":"2020-06-25T23:11:44","modified_gmt":"2020-06-25T20:11:44","slug":"ruotsi-ottelussa-komea-ankkuri-edustus","status":"publish","type":"post","link":"https:\/\/www.alajarvenankkurit.fi\/yleisurheilu\/tuloksia\/2019\/ruotsi-ottelussa-komea-ankkuri-edustus\/","title":{"rendered":"Ruotsi-ottelussa komea Ankkuri-edustus!"},"content":{"rendered":"\n<p>Tukholmassa 24.-25.8.2019 k\u00e4ydyss\u00e4 maaottelussa kilpaili per\u00e4ti kolme ankkurilaista. Miesten seip\u00e4\u00e4n kolmantena ja samalla paras suomalainen oli <strong>Mikko Paavola<\/strong> (tulos 531). <strong>Antti Iham\u00e4ki <\/strong>oli 10 000 m kest\u00e4vyysmatkalla viides ja <strong>Eucabeth Kivikangas<\/strong> N17 kuulassa kolmas. Euca toimi my\u00f6s tytt\u00f6jen joukkueen kapteenina!<\/p>\n","protected":false},"excerpt":{"rendered":"<p>Tukholmassa 24.-25.8.2019 k\u00e4ydyss\u00e4 maaottelussa kilpaili per\u00e4ti kolme ankkurilaista. Miesten seip\u00e4\u00e4n kolmantena ja samalla paras suomalainen oli Mikko Paavola (tulos 531). Antti Iham\u00e4ki oli 10 000 m kest\u00e4vyysmatkalla viides ja Eucabeth Kivikangas N17 kuulassa kolmas. Euca toimi my\u00f6s tytt\u00f6jen joukkueen kapteenina!<\/p>\n","protected":false},"author":5,"featured_media":0,"comment_status":"closed","ping_status":"closed","sticky":false,"template":"","format":"standard","meta":{"footnotes":""},"categories":[21],"tags":[],"class_list":["post-897","post","type-post","status-publish","format-standard","hentry","category-21"],"_links":{"self":[{"href":"https:\/\/www.alajarvenankkurit.fi\/yleisurheilu\/wp-json\/wp\/v2\/posts\/897","targetHints":{"allow":["GET"]}}],"collection":[{"href":"https:\/\/www.alajarvenankkurit.fi\/yleisurheilu\/wp-json\/wp\/v2\/posts"}],"about":[{"href":"https:\/\/www.alajarvenankkurit.fi\/yleisurheilu\/wp-json\/wp\/v2\/types\/post"}],"author":[{"embeddable":true,"href":"https:\/\/www.alajarvenankkurit.fi\/yleisurheilu\/wp-json\/wp\/v2\/users\/5"}],"replies":[{"embeddable":true,"href":"https:\/\/www.alajarvenankkurit.fi\/yleisurheilu\/wp-json\/wp\/v2\/comments?post=897"}],"version-history":[{"count":1,"href":"https:\/\/www.alajarvenankkurit.fi\/yleisurheilu\/wp-json\/wp\/v2\/posts\/897\/revisions"}],"predecessor-version":[{"id":898,"href":"https:\/\/www.alajarvenankkurit.fi\/yleisurheilu\/wp-json\/wp\/v2\/posts\/897\/revisions\/898"}],"wp:attachment":[{"href":"https:\/\/www.alajarvenankkurit.fi\/yleisurheilu\/wp-json\/wp\/v2\/media?parent=897"}],"wp:term":[{"taxonomy":"category","embeddable":true,"href":"https:\/\/www.alajarvenankkurit.fi\/yleisurheilu\/wp-json\/wp\/v2\/categories?post=897"},{"taxonomy":"post_tag","embeddable":true,"href":"https:\/\/www.alajarvenankkurit.fi\/yleisurheilu\/wp-json\/wp\/v2\/tags?post=897"}],"curies":[{"name":"wp","href":"https:\/\/api.w.org\/{rel}","templated":true}]}}