{"id":8068,"date":"2025-12-07T01:12:35","date_gmt":"2025-12-06T23:12:35","guid":{"rendered":"https:\/\/www.alajarvenankkurit.fi\/yleisurheilu\/?p=8068"},"modified":"2025-12-07T01:14:26","modified_gmt":"2025-12-06T23:14:26","slug":"urheilugaala-2025-juhana-vuoden-valmentaja","status":"publish","type":"post","link":"https:\/\/www.alajarvenankkurit.fi\/yleisurheilu\/tuloksia\/2025\/urheilugaala-2025-juhana-vuoden-valmentaja\/","title":{"rendered":"Urheilugaala 2025 &#8211; Juhana vuoden valmentaja!"},"content":{"rendered":"\n<p>Alaj\u00e4rven kaupungin j\u00e4rjest\u00e4m\u00e4ss\u00e4 juhlassa juhlittiin Suomen itsen\u00e4isyysp\u00e4iv\u00e4\u00e4 sek\u00e4 kauden aikana menestyneit\u00e4 urheilijoita ja urheilun parissa toimineita. Yleisurheilun edustajat k\u00e4viv\u00e4t pokkaamassa useita palkintoja. Vuoden valmentajaksi valittiin<strong> Juhana Karjanlahti,<\/strong> jonka valmennettava<strong> Hanna Siiril\u00e4<\/strong> (16v) voitti jo kolmatta vuotta per\u00e4kk\u00e4in moukarin Suomen mestaruuden talvella ja oli kes\u00e4n SM-kisoissa hopealla. Juhana on valmentanut jo monta vuotta useamman heitt\u00e4j\u00e4n ryhm\u00e4\u00e4 ja jatkaa omaa kilpailu-uraansa. H\u00e4n oli t\u00e4n\u00e4 kes\u00e4n\u00e4 Kalevan kisojen moukarifinaalissa ja sijoittui 8. sijalle. Hanna valittiin vuoden ryhtityt\u00f6ksi ja oli juhlan urheiluhaastateltava sek\u00e4 sai Alaj\u00e4rven kaupungin stipendin, kuten my\u00f6s toinen SM-mitalisti <strong>Katariina Lepp\u00e4aho<\/strong>. Yleisurheilujaoston toimija <strong>Sari Yli-Mannila<\/strong> palkittiin kunnon kuntalaisena. <\/p>\n\n\n\n<p>Yleisurheilujaosto palkitsi kauden piirin- ja aluemestaruusmitalistit sek\u00e4 SM-kisak\u00e4vij\u00e4t: Olivia Hietam\u00e4ki, Urho Ojaniemi, Miki Vuorinen, Hilda Turja, Ellen Piispanen, Topias Keltikangas, Samu Vuorinen, Jalo Kantonen, Linnea Piispanen, Max Jokiaho, Olga Zhukova, Aatu Kuusisto, Hanna Siiril\u00e4, Viola Takala, Sara Vuorela, Katariina Lepp\u00e4aho, Ilona Takala, Liinu J\u00e4rvinen, Henri Pitk\u00e4kangas, Aleksi Yli-Mannila, Juhana Karjanlahti ja Antti Iham\u00e4ki. (Kaikki urheilijat eiv\u00e4t p\u00e4\u00e4sseet noutamaan palkintoaan.) Erityispokaali ojennettiin valtakunnallisen Tulevat T\u00e4hdet -monipuolisuuskilpailun Ankkureiden parhaalle urheilijalle Topias Keltikankaalle. Paljon onnea kaikille palkituille!<\/p>\n\n\n\n<p><\/p>\n\n\n\n<figure class=\"wp-block-gallery has-nested-images columns-default is-cropped wp-block-gallery-1 is-layout-flex wp-block-gallery-is-layout-flex\">\n<figure class=\"wp-block-image size-large\"><img loading=\"lazy\" decoding=\"async\" width=\"2000\" height=\"1500\" data-id=\"8070\" src=\"https:\/\/www.alajarvenankkurit.fi\/yleisurheilu\/wp-content\/uploads\/sites\/2\/2025\/12\/2025_Urheilugaala_Juhana_Hanna.jpg\" alt=\"\" class=\"wp-image-8070\" srcset=\"https:\/\/www.alajarvenankkurit.fi\/yleisurheilu\/wp-content\/uploads\/sites\/2\/2025\/12\/2025_Urheilugaala_Juhana_Hanna.jpg 2000w, https:\/\/www.alajarvenankkurit.fi\/yleisurheilu\/wp-content\/uploads\/sites\/2\/2025\/12\/2025_Urheilugaala_Juhana_Hanna-300x225.jpg 300w, https:\/\/www.alajarvenankkurit.fi\/yleisurheilu\/wp-content\/uploads\/sites\/2\/2025\/12\/2025_Urheilugaala_Juhana_Hanna-768x576.jpg 768w, https:\/\/www.alajarvenankkurit.fi\/yleisurheilu\/wp-content\/uploads\/sites\/2\/2025\/12\/2025_Urheilugaala_Juhana_Hanna-1536x1152.jpg 1536w\" sizes=\"auto, (max-width: 767px) 89vw, (max-width: 1000px) 54vw, (max-width: 1071px) 543px, 580px\" \/><\/figure>\n\n\n\n<figure class=\"wp-block-image size-large\"><img loading=\"lazy\" decoding=\"async\" width=\"2000\" height=\"1500\" data-id=\"8071\" src=\"https:\/\/www.alajarvenankkurit.fi\/yleisurheilu\/wp-content\/uploads\/sites\/2\/2025\/12\/2025_Urheilugaala.jpg\" alt=\"\" class=\"wp-image-8071\" srcset=\"https:\/\/www.alajarvenankkurit.fi\/yleisurheilu\/wp-content\/uploads\/sites\/2\/2025\/12\/2025_Urheilugaala.jpg 2000w, https:\/\/www.alajarvenankkurit.fi\/yleisurheilu\/wp-content\/uploads\/sites\/2\/2025\/12\/2025_Urheilugaala-300x225.jpg 300w, https:\/\/www.alajarvenankkurit.fi\/yleisurheilu\/wp-content\/uploads\/sites\/2\/2025\/12\/2025_Urheilugaala-768x576.jpg 768w, https:\/\/www.alajarvenankkurit.fi\/yleisurheilu\/wp-content\/uploads\/sites\/2\/2025\/12\/2025_Urheilugaala-1536x1152.jpg 1536w\" sizes=\"auto, (max-width: 767px) 89vw, (max-width: 1000px) 54vw, (max-width: 1071px) 543px, 580px\" \/><\/figure>\n<figcaption class=\"blocks-gallery-caption wp-element-caption\">Juhana ja Hanna sek\u00e4 jaoston palkitsemat urheilijat<\/figcaption><\/figure>\n\n\n\n<p><\/p>\n","protected":false},"excerpt":{"rendered":"<p>Alaj\u00e4rven kaupungin j\u00e4rjest\u00e4m\u00e4ss\u00e4 juhlassa juhlittiin Suomen itsen\u00e4isyysp\u00e4iv\u00e4\u00e4 sek\u00e4 kauden aikana menestyneit\u00e4 urheilijoita ja urheilun parissa toimineita. Yleisurheilun edustajat k\u00e4viv\u00e4t pokkaamassa useita palkintoja. Vuoden valmentajaksi valittiin Juhana Karjanlahti, jonka valmennettava Hanna Siiril\u00e4 (16v) voitti jo kolmatta vuotta per\u00e4kk\u00e4in moukarin Suomen mestaruuden talvella ja oli kes\u00e4n SM-kisoissa hopealla. Juhana on valmentanut jo monta vuotta useamman heitt\u00e4j\u00e4n ryhm\u00e4\u00e4 &hellip; <\/p>\n<p class=\"link-more\"><a href=\"https:\/\/www.alajarvenankkurit.fi\/yleisurheilu\/tuloksia\/2025\/urheilugaala-2025-juhana-vuoden-valmentaja\/\" class=\"more-link\">Jatka lukemista<span class=\"screen-reader-text\"> &#8221;Urheilugaala 2025 &#8211; Juhana vuoden valmentaja!&#8221;<\/span><\/a><\/p>\n","protected":false},"author":5,"featured_media":0,"comment_status":"closed","ping_status":"open","sticky":false,"template":"","format":"standard","meta":{"footnotes":""},"categories":[64],"tags":[],"class_list":["post-8068","post","type-post","status-publish","format-standard","hentry","category-64"],"_links":{"self":[{"href":"https:\/\/www.alajarvenankkurit.fi\/yleisurheilu\/wp-json\/wp\/v2\/posts\/8068","targetHints":{"allow":["GET"]}}],"collection":[{"href":"https:\/\/www.alajarvenankkurit.fi\/yleisurheilu\/wp-json\/wp\/v2\/posts"}],"about":[{"href":"https:\/\/www.alajarvenankkurit.fi\/yleisurheilu\/wp-json\/wp\/v2\/types\/post"}],"author":[{"embeddable":true,"href":"https:\/\/www.alajarvenankkurit.fi\/yleisurheilu\/wp-json\/wp\/v2\/users\/5"}],"replies":[{"embeddable":true,"href":"https:\/\/www.alajarvenankkurit.fi\/yleisurheilu\/wp-json\/wp\/v2\/comments?post=8068"}],"version-history":[{"count":3,"href":"https:\/\/www.alajarvenankkurit.fi\/yleisurheilu\/wp-json\/wp\/v2\/posts\/8068\/revisions"}],"predecessor-version":[{"id":8074,"href":"https:\/\/www.alajarvenankkurit.fi\/yleisurheilu\/wp-json\/wp\/v2\/posts\/8068\/revisions\/8074"}],"wp:attachment":[{"href":"https:\/\/www.alajarvenankkurit.fi\/yleisurheilu\/wp-json\/wp\/v2\/media?parent=8068"}],"wp:term":[{"taxonomy":"category","embeddable":true,"href":"https:\/\/www.alajarvenankkurit.fi\/yleisurheilu\/wp-json\/wp\/v2\/categories?post=8068"},{"taxonomy":"post_tag","embeddable":true,"href":"https:\/\/www.alajarvenankkurit.fi\/yleisurheilu\/wp-json\/wp\/v2\/tags?post=8068"}],"curies":[{"name":"wp","href":"https:\/\/api.w.org\/{rel}","templated":true}]}}