{"id":7756,"date":"2025-07-27T21:37:28","date_gmt":"2025-07-27T18:37:28","guid":{"rendered":"https:\/\/www.alajarvenankkurit.fi\/yleisurheilu\/?p=7756"},"modified":"2025-07-27T21:37:28","modified_gmt":"2025-07-27T18:37:28","slug":"sisuhuipentumasta-melkoinen-mitalisade","status":"publish","type":"post","link":"https:\/\/www.alajarvenankkurit.fi\/yleisurheilu\/tuloksia\/2025\/sisuhuipentumasta-melkoinen-mitalisade\/","title":{"rendered":"Sisuhuipentumasta melkoinen mitalisade!"},"content":{"rendered":"\n<p>Ankkurien sisuik\u00e4iset yleisurheilijat kilpailivat mahtavasti Etel\u00e4-Pohjanmaan piirin sisuhuipentumassa 26.-27.7.2025 Kurikassa, miss\u00e4 kaikkiaan 380 i\u00e4lt\u00e4\u00e4n 9-15v urheilijaa tavoitteli piirinmestaruusmitaleita ja sisupisteit\u00e4. Helteisess\u00e4 kes\u00e4s\u00e4\u00e4ss\u00e4 kisanneet 9 ankkurilaista toivat per\u00e4ti 17 mitalia ja lis\u00e4ksi 8 sisupistesijoitusta (4.-6.). Kovatasoisissa mittel\u00f6iss\u00e4 he tehtailivat 14 oman enn\u00e4tyksen lis\u00e4ksi yhden seuraenn\u00e4tyksen. 10v tyt\u00f6t nappasivat korkeudessa kaksoisvoiton!<\/p>\n\n\n\n<p>Suurimman mitalisaaliin ker\u00e4si <strong>Topias Keltikangas<\/strong>, joka voitti P10-sarjassa 60 m aidat (11,29) sek\u00e4 tuli toiseksi kaikissa muissa lajeissaan (60m, 1000m ja pituus). Kolme mitalia otti T10 sarjassa <strong>Ellen Piispanen<\/strong>, joka voitti kolmiloikan (8,27m), tuli toiseksi korkeudessa ja pronssille 60m pikamatkalla. Kolmeen mitaliin ylti my\u00f6s <strong>Urho Ojaniemi<\/strong> (P9) voittaen moukarin uudella komealla seuraenn\u00e4tyksell\u00e4 20,62 m. H\u00e4n otti lis\u00e4ksi hopeaa kuulassa ja keih\u00e4\u00e4ss\u00e4. <strong>Hilda Turja<\/strong> (T10) voitti korkeuden upealla tuloksella 130cm ja tuli toiseksi 60 m aidoissa. Viidennen kullan hankki <strong>Jalo Kantonen<\/strong> (P11) pituudesta (4,45m) ja otti hopeaa keih\u00e4\u00e4ss\u00e4. Kaksi pronssista mitalia ripustettiin <strong>Olivia Hietam\u00e4en<\/strong> kaulaan (T9 korkeus ja pituus) ja samoin ojennettiin pronssia T13-sarjan <strong>Linnea Piispaselle<\/strong> (200 m aidat). <strong>Mikko Lehtim\u00e4ki<\/strong> (P13) toi pistesijoituksen (1000m), kuten my\u00f6s mitalistit muista lajeistaan. Mainiosti kilpaili my\u00f6s T9-sarjan <strong>Sini Nyg\u00e5rd<\/strong>. Onnittelut kaikille osallistuneille! Kaikki tulokset l\u00f6ytyv\u00e4t <a href=\"https:\/\/www.tilastopaja.info\/fi\/db\/tulokset.php?CID=105397\" target=\"_blank\" rel=\"noreferrer noopener\">Tilastopajasta<\/a>.<\/p>\n\n\n\n<figure class=\"wp-block-gallery has-nested-images columns-2 is-cropped wp-block-gallery-1 is-layout-flex wp-block-gallery-is-layout-flex\">\n<figure class=\"wp-block-image size-large\"><img loading=\"lazy\" decoding=\"async\" width=\"1200\" height=\"1600\" data-id=\"7758\" src=\"https:\/\/www.alajarvenankkurit.fi\/yleisurheilu\/wp-content\/uploads\/sites\/2\/2025\/07\/Jalo_pituus.jpeg\" alt=\"\" class=\"wp-image-7758\" srcset=\"https:\/\/www.alajarvenankkurit.fi\/yleisurheilu\/wp-content\/uploads\/sites\/2\/2025\/07\/Jalo_pituus.jpeg 1200w, https:\/\/www.alajarvenankkurit.fi\/yleisurheilu\/wp-content\/uploads\/sites\/2\/2025\/07\/Jalo_pituus-225x300.jpeg 225w, https:\/\/www.alajarvenankkurit.fi\/yleisurheilu\/wp-content\/uploads\/sites\/2\/2025\/07\/Jalo_pituus-768x1024.jpeg 768w, https:\/\/www.alajarvenankkurit.fi\/yleisurheilu\/wp-content\/uploads\/sites\/2\/2025\/07\/Jalo_pituus-1152x1536.jpeg 1152w\" sizes=\"auto, (max-width: 767px) 89vw, (max-width: 1000px) 54vw, (max-width: 1071px) 543px, 580px\" \/><\/figure>\n\n\n\n<figure class=\"wp-block-image size-large\"><img loading=\"lazy\" decoding=\"async\" width=\"1302\" height=\"1644\" data-id=\"7760\" src=\"https:\/\/www.alajarvenankkurit.fi\/yleisurheilu\/wp-content\/uploads\/sites\/2\/2025\/07\/Ellen_Hilda.jpg\" alt=\"\" class=\"wp-image-7760\" srcset=\"https:\/\/www.alajarvenankkurit.fi\/yleisurheilu\/wp-content\/uploads\/sites\/2\/2025\/07\/Ellen_Hilda.jpg 1302w, https:\/\/www.alajarvenankkurit.fi\/yleisurheilu\/wp-content\/uploads\/sites\/2\/2025\/07\/Ellen_Hilda-238x300.jpg 238w, https:\/\/www.alajarvenankkurit.fi\/yleisurheilu\/wp-content\/uploads\/sites\/2\/2025\/07\/Ellen_Hilda-768x970.jpg 768w, https:\/\/www.alajarvenankkurit.fi\/yleisurheilu\/wp-content\/uploads\/sites\/2\/2025\/07\/Ellen_Hilda-1216x1536.jpg 1216w\" sizes=\"auto, (max-width: 767px) 89vw, (max-width: 1000px) 54vw, (max-width: 1071px) 543px, 580px\" \/><\/figure>\n\n\n\n<figure class=\"wp-block-image size-large\"><img loading=\"lazy\" decoding=\"async\" width=\"369\" height=\"598\" data-id=\"7757\" src=\"https:\/\/www.alajarvenankkurit.fi\/yleisurheilu\/wp-content\/uploads\/sites\/2\/2025\/07\/Linnea_200maj.jpg\" alt=\"\" class=\"wp-image-7757\" srcset=\"https:\/\/www.alajarvenankkurit.fi\/yleisurheilu\/wp-content\/uploads\/sites\/2\/2025\/07\/Linnea_200maj.jpg 369w, https:\/\/www.alajarvenankkurit.fi\/yleisurheilu\/wp-content\/uploads\/sites\/2\/2025\/07\/Linnea_200maj-185x300.jpg 185w\" sizes=\"auto, (max-width: 369px) 100vw, 369px\" \/><\/figure>\n\n\n\n<figure class=\"wp-block-image size-large\"><img loading=\"lazy\" decoding=\"async\" width=\"856\" height=\"1301\" data-id=\"7759\" src=\"https:\/\/www.alajarvenankkurit.fi\/yleisurheilu\/wp-content\/uploads\/sites\/2\/2025\/07\/Olivia.jpg\" alt=\"\" class=\"wp-image-7759\" srcset=\"https:\/\/www.alajarvenankkurit.fi\/yleisurheilu\/wp-content\/uploads\/sites\/2\/2025\/07\/Olivia.jpg 856w, https:\/\/www.alajarvenankkurit.fi\/yleisurheilu\/wp-content\/uploads\/sites\/2\/2025\/07\/Olivia-197x300.jpg 197w, https:\/\/www.alajarvenankkurit.fi\/yleisurheilu\/wp-content\/uploads\/sites\/2\/2025\/07\/Olivia-768x1167.jpg 768w\" sizes=\"auto, (max-width: 767px) 89vw, (max-width: 1000px) 54vw, (max-width: 1071px) 543px, 580px\" \/><\/figure>\n<figcaption class=\"blocks-gallery-caption wp-element-caption\">Mitalistit Jalo, Ellen ja Hilda, Linnea sek\u00e4 Olivia<\/figcaption><\/figure>\n\n\n\n<p><\/p>\n","protected":false},"excerpt":{"rendered":"<p>Ankkurien sisuik\u00e4iset yleisurheilijat kilpailivat mahtavasti Etel\u00e4-Pohjanmaan piirin sisuhuipentumassa 26.-27.7.2025 Kurikassa, miss\u00e4 kaikkiaan 380 i\u00e4lt\u00e4\u00e4n 9-15v urheilijaa tavoitteli piirinmestaruusmitaleita ja sisupisteit\u00e4. Helteisess\u00e4 kes\u00e4s\u00e4\u00e4ss\u00e4 kisanneet 9 ankkurilaista toivat per\u00e4ti 17 mitalia ja lis\u00e4ksi 8 sisupistesijoitusta (4.-6.). Kovatasoisissa mittel\u00f6iss\u00e4 he tehtailivat 14 oman enn\u00e4tyksen lis\u00e4ksi yhden seuraenn\u00e4tyksen. 10v tyt\u00f6t nappasivat korkeudessa kaksoisvoiton! Suurimman mitalisaaliin ker\u00e4si Topias Keltikangas, joka &hellip; <\/p>\n<p class=\"link-more\"><a href=\"https:\/\/www.alajarvenankkurit.fi\/yleisurheilu\/tuloksia\/2025\/sisuhuipentumasta-melkoinen-mitalisade\/\" class=\"more-link\">Jatka lukemista<span class=\"screen-reader-text\"> &#8221;Sisuhuipentumasta melkoinen mitalisade!&#8221;<\/span><\/a><\/p>\n","protected":false},"author":5,"featured_media":0,"comment_status":"closed","ping_status":"open","sticky":false,"template":"","format":"standard","meta":{"footnotes":""},"categories":[64],"tags":[],"class_list":["post-7756","post","type-post","status-publish","format-standard","hentry","category-64"],"_links":{"self":[{"href":"https:\/\/www.alajarvenankkurit.fi\/yleisurheilu\/wp-json\/wp\/v2\/posts\/7756","targetHints":{"allow":["GET"]}}],"collection":[{"href":"https:\/\/www.alajarvenankkurit.fi\/yleisurheilu\/wp-json\/wp\/v2\/posts"}],"about":[{"href":"https:\/\/www.alajarvenankkurit.fi\/yleisurheilu\/wp-json\/wp\/v2\/types\/post"}],"author":[{"embeddable":true,"href":"https:\/\/www.alajarvenankkurit.fi\/yleisurheilu\/wp-json\/wp\/v2\/users\/5"}],"replies":[{"embeddable":true,"href":"https:\/\/www.alajarvenankkurit.fi\/yleisurheilu\/wp-json\/wp\/v2\/comments?post=7756"}],"version-history":[{"count":1,"href":"https:\/\/www.alajarvenankkurit.fi\/yleisurheilu\/wp-json\/wp\/v2\/posts\/7756\/revisions"}],"predecessor-version":[{"id":7761,"href":"https:\/\/www.alajarvenankkurit.fi\/yleisurheilu\/wp-json\/wp\/v2\/posts\/7756\/revisions\/7761"}],"wp:attachment":[{"href":"https:\/\/www.alajarvenankkurit.fi\/yleisurheilu\/wp-json\/wp\/v2\/media?parent=7756"}],"wp:term":[{"taxonomy":"category","embeddable":true,"href":"https:\/\/www.alajarvenankkurit.fi\/yleisurheilu\/wp-json\/wp\/v2\/categories?post=7756"},{"taxonomy":"post_tag","embeddable":true,"href":"https:\/\/www.alajarvenankkurit.fi\/yleisurheilu\/wp-json\/wp\/v2\/tags?post=7756"}],"curies":[{"name":"wp","href":"https:\/\/api.w.org\/{rel}","templated":true}]}}