{"id":7747,"date":"2025-07-21T23:09:01","date_gmt":"2025-07-21T20:09:01","guid":{"rendered":"https:\/\/www.alajarvenankkurit.fi\/yleisurheilu\/?p=7747"},"modified":"2025-07-21T23:09:01","modified_gmt":"2025-07-21T20:09:01","slug":"kesan-viimeiset-viikkokisat-21-7-2025","status":"publish","type":"post","link":"https:\/\/www.alajarvenankkurit.fi\/yleisurheilu\/tuloksia\/2025\/viikkokisat-2025\/kesan-viimeiset-viikkokisat-21-7-2025\/","title":{"rendered":"Kes\u00e4n viimeiset viikkokisat 21.7.2025"},"content":{"rendered":"\n<p>Kyll\u00e4p\u00e4 taas kes\u00e4 mennyt vikkel\u00e4\u00e4n! Viimeisiin viikkokisoihin oli saapunut 43 kilpailijaa ja millaisessa helteess\u00e4 taas kisattiin! Pikajuoksun ohella nuorimmat hypp\u00e4siv\u00e4t pituutta (7v ja 9v) ja vanhemmat  (11v ja 13v) heittiv\u00e4t keih\u00e4st\u00e4 ja komeita kaaria n\u00e4htiin. Toimitsijoiksi tarvittiin j\u00e4lleen lasten vanhempiakin ja hienosti hommat sujuivat. Tulokset l\u00f6ytyv\u00e4t alla olevasta linkist\u00e4 (ladattava pdf). Kiitoksia kaikille osallistujille ja toivottavasti n\u00e4hd\u00e4\u00e4n taas ensi kes\u00e4n\u00e4!<\/p>\n\n\n\n<div class=\"wp-block-file\"><a id=\"wp-block-file--media-49736dbc-0f1b-463a-b177-49f4c5b194a4\" href=\"https:\/\/www.alajarvenankkurit.fi\/yleisurheilu\/wp-content\/uploads\/sites\/2\/2025\/07\/Tulokset_21072025.pdf\">Tulokset_21072025<\/a><a href=\"https:\/\/www.alajarvenankkurit.fi\/yleisurheilu\/wp-content\/uploads\/sites\/2\/2025\/07\/Tulokset_21072025.pdf\" class=\"wp-block-file__button wp-element-button\" download aria-describedby=\"wp-block-file--media-49736dbc-0f1b-463a-b177-49f4c5b194a4\">Lataa pdf<\/a><\/div>\n\n\n\n<figure class=\"wp-block-image size-large\"><img loading=\"lazy\" decoding=\"async\" width=\"2048\" height=\"2048\" src=\"https:\/\/www.alajarvenankkurit.fi\/yleisurheilu\/wp-content\/uploads\/sites\/2\/2025\/07\/1753120788813-2048x2048.jpg\" alt=\"\" class=\"wp-image-7749\" srcset=\"https:\/\/www.alajarvenankkurit.fi\/yleisurheilu\/wp-content\/uploads\/sites\/2\/2025\/07\/1753120788813-2048x2048.jpg 2048w, https:\/\/www.alajarvenankkurit.fi\/yleisurheilu\/wp-content\/uploads\/sites\/2\/2025\/07\/1753120788813-300x300.jpg 300w, https:\/\/www.alajarvenankkurit.fi\/yleisurheilu\/wp-content\/uploads\/sites\/2\/2025\/07\/1753120788813-150x150.jpg 150w, https:\/\/www.alajarvenankkurit.fi\/yleisurheilu\/wp-content\/uploads\/sites\/2\/2025\/07\/1753120788813-768x768.jpg 768w, https:\/\/www.alajarvenankkurit.fi\/yleisurheilu\/wp-content\/uploads\/sites\/2\/2025\/07\/1753120788813-1536x1536.jpg 1536w, https:\/\/www.alajarvenankkurit.fi\/yleisurheilu\/wp-content\/uploads\/sites\/2\/2025\/07\/1753120788813-100x100.jpg 100w\" sizes=\"auto, (max-width: 767px) 89vw, (max-width: 1000px) 54vw, (max-width: 1071px) 543px, 580px\" \/><figcaption class=\"wp-element-caption\">Muutaman ylim\u00e4\u00e4r\u00e4isen l\u00e4mp\u00f6asteen kent\u00e4n mittari n\u00e4ytt\u00e4\u00e4, mutta l\u00e4mmint\u00e4 todella oli!<\/figcaption><\/figure>\n\n\n\n<p><\/p>\n","protected":false},"excerpt":{"rendered":"<p>Kyll\u00e4p\u00e4 taas kes\u00e4 mennyt vikkel\u00e4\u00e4n! Viimeisiin viikkokisoihin oli saapunut 43 kilpailijaa ja millaisessa helteess\u00e4 taas kisattiin! Pikajuoksun ohella nuorimmat hypp\u00e4siv\u00e4t pituutta (7v ja 9v) ja vanhemmat (11v ja 13v) heittiv\u00e4t keih\u00e4st\u00e4 ja komeita kaaria n\u00e4htiin. Toimitsijoiksi tarvittiin j\u00e4lleen lasten vanhempiakin ja hienosti hommat sujuivat. Tulokset l\u00f6ytyv\u00e4t alla olevasta linkist\u00e4 (ladattava pdf). Kiitoksia kaikille osallistujille ja &hellip; <\/p>\n<p class=\"link-more\"><a href=\"https:\/\/www.alajarvenankkurit.fi\/yleisurheilu\/tuloksia\/2025\/viikkokisat-2025\/kesan-viimeiset-viikkokisat-21-7-2025\/\" class=\"more-link\">Jatka lukemista<span class=\"screen-reader-text\"> &#8221;Kes\u00e4n viimeiset viikkokisat 21.7.2025&#8221;<\/span><\/a><\/p>\n","protected":false},"author":5,"featured_media":0,"comment_status":"closed","ping_status":"open","sticky":false,"template":"","format":"standard","meta":{"footnotes":""},"categories":[66],"tags":[],"class_list":["post-7747","post","type-post","status-publish","format-standard","hentry","category-viikkokisat-2025"],"_links":{"self":[{"href":"https:\/\/www.alajarvenankkurit.fi\/yleisurheilu\/wp-json\/wp\/v2\/posts\/7747","targetHints":{"allow":["GET"]}}],"collection":[{"href":"https:\/\/www.alajarvenankkurit.fi\/yleisurheilu\/wp-json\/wp\/v2\/posts"}],"about":[{"href":"https:\/\/www.alajarvenankkurit.fi\/yleisurheilu\/wp-json\/wp\/v2\/types\/post"}],"author":[{"embeddable":true,"href":"https:\/\/www.alajarvenankkurit.fi\/yleisurheilu\/wp-json\/wp\/v2\/users\/5"}],"replies":[{"embeddable":true,"href":"https:\/\/www.alajarvenankkurit.fi\/yleisurheilu\/wp-json\/wp\/v2\/comments?post=7747"}],"version-history":[{"count":1,"href":"https:\/\/www.alajarvenankkurit.fi\/yleisurheilu\/wp-json\/wp\/v2\/posts\/7747\/revisions"}],"predecessor-version":[{"id":7750,"href":"https:\/\/www.alajarvenankkurit.fi\/yleisurheilu\/wp-json\/wp\/v2\/posts\/7747\/revisions\/7750"}],"wp:attachment":[{"href":"https:\/\/www.alajarvenankkurit.fi\/yleisurheilu\/wp-json\/wp\/v2\/media?parent=7747"}],"wp:term":[{"taxonomy":"category","embeddable":true,"href":"https:\/\/www.alajarvenankkurit.fi\/yleisurheilu\/wp-json\/wp\/v2\/categories?post=7747"},{"taxonomy":"post_tag","embeddable":true,"href":"https:\/\/www.alajarvenankkurit.fi\/yleisurheilu\/wp-json\/wp\/v2\/tags?post=7747"}],"curies":[{"name":"wp","href":"https:\/\/api.w.org\/{rel}","templated":true}]}}