{"id":769,"date":"2019-07-23T23:37:26","date_gmt":"2019-07-23T20:37:26","guid":{"rendered":"https:\/\/www.alajarvenankkurit.fi\/yleisurheilu\/?p=769"},"modified":"2020-06-01T00:47:21","modified_gmt":"2020-05-31T21:47:21","slug":"ankkurilaisia-edustushommissa-2019","status":"publish","type":"post","link":"https:\/\/www.alajarvenankkurit.fi\/yleisurheilu\/tuloksia\/2019\/ankkurilaisia-edustushommissa-2019\/","title":{"rendered":"Ankkurilaisia edustushommissa 2019!"},"content":{"rendered":"\n<p>Alaj\u00e4rven Ankkurit oli kes\u00e4ll\u00e4 2019 upeasti\n\t\t\t\t\tedustettuna kansainv\u00e4lisiss\u00e4 arvokisoissa Euroopassa.\n\t\t\t\t\tEdellisen kes\u00e4n loukkaantumiset oli voitettu ja harvinaiset\n\t\t\t\t\tedustuspaikat saavutettiin kovilla tuloksilla tiukoissa\n\t\t\t\t\tn\u00e4ytt\u00f6kisoissa!<\/p>\n\n\n\n<p>Seiv\u00e4shypp\u00e4\u00e4j\u00e4 <strong>Mikko Paavola<\/strong> (21v)\n\t\t\t\t\toli EM22 -kisojen karsinnassa 11.7. Ruotsin G\u00e4vless\u00e4\n\t\t\t\t\tsijalla 17. tuloksella 505. Valitettavasti pohjekramppi pakotti\n\t\t\t\t\tj\u00e4tt\u00e4m\u00e4\u00e4n karsinnan kesken. Mikon enn\u00e4tys\n\t\t\t\t\ton kes\u00e4kuun lopulla hyp\u00e4tty 525.<\/p>\n\n\n\n<p>Keih\u00e4\u00e4nheitt\u00e4j\u00e4 <strong>Aleksi Yli-Mannila<\/strong>\n\t\t\t\t\t(18v) osallistui 19-vuotiaiden Euroopanmestaruuskisojen\n\t\t\t\t\tkarsintaan lauantaina 20.7. Bor\u00e5sissa Ruotsissa. Kisojen\n\t\t\t\t\talla sairastettu flunssa vei heitoista parhaan ter\u00e4n ja\n\t\t\t\t\ttulos 66,89 oikeutti sijaan 19. Aleksin enn\u00e4tys miesten\n\t\t\t\t\tkeih\u00e4\u00e4ll\u00e4 (800g) on 70,51.&nbsp;<\/p>\n\n\n\n<p>Moniottelija <strong>Eucabeth Kivikangas<\/strong> (17v) ty\u00f6nsi\n\t\t\t\t\tkuulaa Euroopan 17-vuotiaiden nuorten olympiafestivaaleilla\n\t\t\t\t\t(EYOF) Azerbaidzhanin Bakussa (<a href=\"https:\/\/eyofbaku2019.com\/\" target=\"_blank\" rel=\"noreferrer noopener\">eyofbaku2019.com<\/a>).\n\t\t\t\t\tEuca paransi 22.7. k\u00e4ydyss\u00e4 karsinnassa enn\u00e4tyst\u00e4\u00e4n\n\t\t\t\t\tl\u00e4hes metrill\u00e4 lukemiin 15,96. Seuraavan p\u00e4iv\u00e4n\n\t\t\t\t\tfinaalissa yli 15 m ty\u00f6nn\u00f6t meniv\u00e4t harmittavasti\n\t\t\t\t\tyliastutuiksi ja tulos 14,87 toi sijan 12.<\/p>\n\n\n\n<figure class=\"wp-block-gallery columns-2 is-cropped wp-block-gallery-1 is-layout-flex wp-block-gallery-is-layout-flex\"><ul class=\"blocks-gallery-grid\"><li class=\"blocks-gallery-item\"><figure><img loading=\"lazy\" decoding=\"async\" width=\"2048\" height=\"1536\" src=\"https:\/\/www.alajarvenankkurit.fi\/yleisurheilu\/wp-content\/uploads\/sites\/2\/2020\/01\/20190706_162918-2048x1536.jpg\" alt=\"\" data-id=\"770\" data-link=\"https:\/\/www.alajarvenankkurit.fi\/yleisurheilu\/?attachment_id=770\" class=\"wp-image-770\" srcset=\"https:\/\/www.alajarvenankkurit.fi\/yleisurheilu\/wp-content\/uploads\/sites\/2\/2020\/01\/20190706_162918-2048x1536.jpg 2048w, https:\/\/www.alajarvenankkurit.fi\/yleisurheilu\/wp-content\/uploads\/sites\/2\/2020\/01\/20190706_162918-300x225.jpg 300w, https:\/\/www.alajarvenankkurit.fi\/yleisurheilu\/wp-content\/uploads\/sites\/2\/2020\/01\/20190706_162918-768x576.jpg 768w, https:\/\/www.alajarvenankkurit.fi\/yleisurheilu\/wp-content\/uploads\/sites\/2\/2020\/01\/20190706_162918-1536x1152.jpg 1536w\" sizes=\"auto, (max-width: 767px) 89vw, (max-width: 1000px) 54vw, (max-width: 1071px) 543px, 580px\" \/><figcaption class=\"blocks-gallery-item__caption\">Aleksi Sastamalan Timanttikisoissa 6.7.2019<\/figcaption><\/figure><\/li><li class=\"blocks-gallery-item\"><figure><img loading=\"lazy\" decoding=\"async\" width=\"1200\" height=\"1600\" src=\"https:\/\/www.alajarvenankkurit.fi\/yleisurheilu\/wp-content\/uploads\/sites\/2\/2020\/01\/Euca_PM_Uppsala.jpg\" alt=\"\" data-id=\"771\" data-full-url=\"https:\/\/www.alajarvenankkurit.fi\/yleisurheilu\/wp-content\/uploads\/sites\/2\/2020\/01\/Euca_PM_Uppsala.jpg\" data-link=\"https:\/\/www.alajarvenankkurit.fi\/yleisurheilu\/?attachment_id=771\" class=\"wp-image-771\" srcset=\"https:\/\/www.alajarvenankkurit.fi\/yleisurheilu\/wp-content\/uploads\/sites\/2\/2020\/01\/Euca_PM_Uppsala.jpg 1200w, https:\/\/www.alajarvenankkurit.fi\/yleisurheilu\/wp-content\/uploads\/sites\/2\/2020\/01\/Euca_PM_Uppsala-225x300.jpg 225w, https:\/\/www.alajarvenankkurit.fi\/yleisurheilu\/wp-content\/uploads\/sites\/2\/2020\/01\/Euca_PM_Uppsala-768x1024.jpg 768w, https:\/\/www.alajarvenankkurit.fi\/yleisurheilu\/wp-content\/uploads\/sites\/2\/2020\/01\/Euca_PM_Uppsala-1152x1536.jpg 1152w\" sizes=\"auto, (max-width: 767px) 89vw, (max-width: 1000px) 54vw, (max-width: 1071px) 543px, 580px\" \/><figcaption class=\"blocks-gallery-item__caption\">Eucabeth Uppsalan Pohjoismaiden mestaruuskisoissa 9.6.2019<\/figcaption><\/figure><\/li><\/ul><\/figure>\n","protected":false},"excerpt":{"rendered":"<p>Alaj\u00e4rven Ankkurit oli kes\u00e4ll\u00e4 2019 upeasti edustettuna kansainv\u00e4lisiss\u00e4 arvokisoissa Euroopassa. Edellisen kes\u00e4n loukkaantumiset oli voitettu ja harvinaiset edustuspaikat saavutettiin kovilla tuloksilla tiukoissa n\u00e4ytt\u00f6kisoissa! Seiv\u00e4shypp\u00e4\u00e4j\u00e4 Mikko Paavola (21v) oli EM22 -kisojen karsinnassa 11.7. Ruotsin G\u00e4vless\u00e4 sijalla 17. tuloksella 505. Valitettavasti pohjekramppi pakotti j\u00e4tt\u00e4m\u00e4\u00e4n karsinnan kesken. Mikon enn\u00e4tys on kes\u00e4kuun lopulla hyp\u00e4tty 525. Keih\u00e4\u00e4nheitt\u00e4j\u00e4 Aleksi Yli-Mannila (18v) &hellip; <\/p>\n<p class=\"link-more\"><a href=\"https:\/\/www.alajarvenankkurit.fi\/yleisurheilu\/tuloksia\/2019\/ankkurilaisia-edustushommissa-2019\/\" class=\"more-link\">Jatka lukemista<span class=\"screen-reader-text\"> &#8221;Ankkurilaisia edustushommissa 2019!&#8221;<\/span><\/a><\/p>\n","protected":false},"author":5,"featured_media":0,"comment_status":"closed","ping_status":"open","sticky":false,"template":"","format":"standard","meta":{"footnotes":""},"categories":[21],"tags":[],"class_list":["post-769","post","type-post","status-publish","format-standard","hentry","category-21"],"_links":{"self":[{"href":"https:\/\/www.alajarvenankkurit.fi\/yleisurheilu\/wp-json\/wp\/v2\/posts\/769","targetHints":{"allow":["GET"]}}],"collection":[{"href":"https:\/\/www.alajarvenankkurit.fi\/yleisurheilu\/wp-json\/wp\/v2\/posts"}],"about":[{"href":"https:\/\/www.alajarvenankkurit.fi\/yleisurheilu\/wp-json\/wp\/v2\/types\/post"}],"author":[{"embeddable":true,"href":"https:\/\/www.alajarvenankkurit.fi\/yleisurheilu\/wp-json\/wp\/v2\/users\/5"}],"replies":[{"embeddable":true,"href":"https:\/\/www.alajarvenankkurit.fi\/yleisurheilu\/wp-json\/wp\/v2\/comments?post=769"}],"version-history":[{"count":1,"href":"https:\/\/www.alajarvenankkurit.fi\/yleisurheilu\/wp-json\/wp\/v2\/posts\/769\/revisions"}],"predecessor-version":[{"id":772,"href":"https:\/\/www.alajarvenankkurit.fi\/yleisurheilu\/wp-json\/wp\/v2\/posts\/769\/revisions\/772"}],"wp:attachment":[{"href":"https:\/\/www.alajarvenankkurit.fi\/yleisurheilu\/wp-json\/wp\/v2\/media?parent=769"}],"wp:term":[{"taxonomy":"category","embeddable":true,"href":"https:\/\/www.alajarvenankkurit.fi\/yleisurheilu\/wp-json\/wp\/v2\/categories?post=769"},{"taxonomy":"post_tag","embeddable":true,"href":"https:\/\/www.alajarvenankkurit.fi\/yleisurheilu\/wp-json\/wp\/v2\/tags?post=769"}],"curies":[{"name":"wp","href":"https:\/\/api.w.org\/{rel}","templated":true}]}}