{"id":766,"date":"2019-05-05T23:29:00","date_gmt":"2019-05-05T20:29:00","guid":{"rendered":"https:\/\/www.alajarvenankkurit.fi\/yleisurheilu\/?p=766"},"modified":"2020-06-01T00:45:10","modified_gmt":"2020-05-31T21:45:10","slug":"antti-hopealle-2019-sm-maastoissa","status":"publish","type":"post","link":"https:\/\/www.alajarvenankkurit.fi\/yleisurheilu\/tuloksia\/2019\/antti-hopealle-2019-sm-maastoissa\/","title":{"rendered":"Antti hopealle 2019 SM-maastoissa!"},"content":{"rendered":"\n<p>Antti Iham\u00e4ki juoksi hienosti toiseksi maastojuoksun\n\t\t\t\t\tSM-kilpailujen M22 -sarjassa. Janakkalassa 5.5.2019 k\u00e4ytyihin\n\t\t\t\t\tkisoihin oli ilmoittautunut per\u00e4ti 590 juoksijaa. <a href=\"https:\/\/www.jarviseutu-lehti.fi\/uutiset\/online-uutiset\/antti-ihamaki-maastojuoksun-sm-kisoissa-hopealle-1.2954025#.XNBn8aI-chs.facebook\" target=\"_blank\" rel=\"noreferrer noopener\">Linkki\n\t\t\t\t\tJ\u00e4rviseutu-lehden uutiseen<\/a> ja tilastopajan <a href=\"https:\/\/www.tilastopaja.eu\/fi\/db\/tulokset.php?CID=69202\" target=\"_blank\" rel=\"noreferrer noopener\">tuloksiin<\/a>.<\/p>\n","protected":false},"excerpt":{"rendered":"<p>Antti Iham\u00e4ki juoksi hienosti toiseksi maastojuoksun SM-kilpailujen M22 -sarjassa. Janakkalassa 5.5.2019 k\u00e4ytyihin kisoihin oli ilmoittautunut per\u00e4ti 590 juoksijaa. Linkki J\u00e4rviseutu-lehden uutiseen ja tilastopajan tuloksiin.<\/p>\n","protected":false},"author":5,"featured_media":0,"comment_status":"closed","ping_status":"open","sticky":false,"template":"","format":"standard","meta":{"footnotes":""},"categories":[21],"tags":[],"class_list":["post-766","post","type-post","status-publish","format-standard","hentry","category-21"],"_links":{"self":[{"href":"https:\/\/www.alajarvenankkurit.fi\/yleisurheilu\/wp-json\/wp\/v2\/posts\/766","targetHints":{"allow":["GET"]}}],"collection":[{"href":"https:\/\/www.alajarvenankkurit.fi\/yleisurheilu\/wp-json\/wp\/v2\/posts"}],"about":[{"href":"https:\/\/www.alajarvenankkurit.fi\/yleisurheilu\/wp-json\/wp\/v2\/types\/post"}],"author":[{"embeddable":true,"href":"https:\/\/www.alajarvenankkurit.fi\/yleisurheilu\/wp-json\/wp\/v2\/users\/5"}],"replies":[{"embeddable":true,"href":"https:\/\/www.alajarvenankkurit.fi\/yleisurheilu\/wp-json\/wp\/v2\/comments?post=766"}],"version-history":[{"count":1,"href":"https:\/\/www.alajarvenankkurit.fi\/yleisurheilu\/wp-json\/wp\/v2\/posts\/766\/revisions"}],"predecessor-version":[{"id":767,"href":"https:\/\/www.alajarvenankkurit.fi\/yleisurheilu\/wp-json\/wp\/v2\/posts\/766\/revisions\/767"}],"wp:attachment":[{"href":"https:\/\/www.alajarvenankkurit.fi\/yleisurheilu\/wp-json\/wp\/v2\/media?parent=766"}],"wp:term":[{"taxonomy":"category","embeddable":true,"href":"https:\/\/www.alajarvenankkurit.fi\/yleisurheilu\/wp-json\/wp\/v2\/categories?post=766"},{"taxonomy":"post_tag","embeddable":true,"href":"https:\/\/www.alajarvenankkurit.fi\/yleisurheilu\/wp-json\/wp\/v2\/tags?post=766"}],"curies":[{"name":"wp","href":"https:\/\/api.w.org\/{rel}","templated":true}]}}