{"id":7589,"date":"2025-06-16T21:42:32","date_gmt":"2025-06-16T18:42:32","guid":{"rendered":"https:\/\/www.alajarvenankkurit.fi\/yleisurheilu\/?p=7589"},"modified":"2025-06-16T21:56:56","modified_gmt":"2025-06-16T18:56:56","slug":"kesan-2025-ekat-viikkokisat","status":"publish","type":"post","link":"https:\/\/www.alajarvenankkurit.fi\/yleisurheilu\/tuloksia\/2025\/viikkokisat-2025\/kesan-2025-ekat-viikkokisat\/","title":{"rendered":"Kes\u00e4n 2025 ekat viikkokisat!"},"content":{"rendered":"\n<p>Pikku sadekuurot eiv\u00e4t juuri haitanneet l\u00e4mpim\u00e4ss\u00e4 kes\u00e4s\u00e4\u00e4ss\u00e4 kilpailuja ensimm\u00e4isi\u00e4 viikkokisoja 16.6.2025. Nelj\u00e4n\u00e4 kes\u00e4n maanantaina harjoitellaan kilpailemista oikeilla yleisurheilulajeilla (lis\u00e4tiedot t\u00e4\u00e4ll\u00e4: <a href=\"https:\/\/www.alajarvenankkurit.fi\/yleisurheilu\/kilpailutoiminta\/viikkokisat\/\">alajarvenankkurit.fi\/yleisurheilu\/kilpailutoiminta\/viikkokisat\/<\/a>). Kisailemassa oli kaikkiaan 55 i\u00e4lt\u00e4\u00e4n 3-13 -vuotiasta lasta. Viisivuotiaiden ik\u00e4sarjaa lukuun ottamatta kaikilla oli my\u00f6s kentt\u00e4laji: 7- ja 9-vuotiaat hypp\u00e4siv\u00e4t pituutta, 11-vuotiaat opettelivat kiekonheittoa ja 13-vuotiaat hypp\u00e4siv\u00e4t korkeutta.  Palkinnot jaettiin laskien yhteen molemman lajin sijoituspisteet. Palkintojen jakajina toimivat Ankkurien nuoret urheilijat Eucabeth Kivikangas ja Aleksi Yli-Mannila. Kiitokset kaikille osallistujille, my\u00f6s palkinnot lahjoittaneelle EEPEE:lle! Tulokset alla olevassa tiedostossa (ladattava pdf-tiedosto).<\/p>\n\n\n\n<div class=\"wp-block-file\"><a id=\"wp-block-file--media-afe803b6-6da2-4616-9944-9fdd23755dbd\" href=\"https:\/\/www.alajarvenankkurit.fi\/yleisurheilu\/wp-content\/uploads\/sites\/2\/2025\/06\/Tulokset_16062025.pdf\">Tulokset_16062025<\/a><a href=\"https:\/\/www.alajarvenankkurit.fi\/yleisurheilu\/wp-content\/uploads\/sites\/2\/2025\/06\/Tulokset_16062025.pdf\" class=\"wp-block-file__button wp-element-button\" download aria-describedby=\"wp-block-file--media-afe803b6-6da2-4616-9944-9fdd23755dbd\">Lataa<\/a><\/div>\n\n\n\n<figure class=\"wp-block-gallery has-nested-images columns-default is-cropped wp-block-gallery-1 is-layout-flex wp-block-gallery-is-layout-flex\">\n<figure class=\"wp-block-image size-large\"><img loading=\"lazy\" decoding=\"async\" width=\"2000\" height=\"1500\" data-id=\"7597\" src=\"https:\/\/www.alajarvenankkurit.fi\/yleisurheilu\/wp-content\/uploads\/sites\/2\/2025\/06\/WhatsApp-Image-2025-06-16-at-21.47.26-1.jpeg\" alt=\"\" class=\"wp-image-7597\" srcset=\"https:\/\/www.alajarvenankkurit.fi\/yleisurheilu\/wp-content\/uploads\/sites\/2\/2025\/06\/WhatsApp-Image-2025-06-16-at-21.47.26-1.jpeg 2000w, https:\/\/www.alajarvenankkurit.fi\/yleisurheilu\/wp-content\/uploads\/sites\/2\/2025\/06\/WhatsApp-Image-2025-06-16-at-21.47.26-1-300x225.jpeg 300w, https:\/\/www.alajarvenankkurit.fi\/yleisurheilu\/wp-content\/uploads\/sites\/2\/2025\/06\/WhatsApp-Image-2025-06-16-at-21.47.26-1-768x576.jpeg 768w, https:\/\/www.alajarvenankkurit.fi\/yleisurheilu\/wp-content\/uploads\/sites\/2\/2025\/06\/WhatsApp-Image-2025-06-16-at-21.47.26-1-1536x1152.jpeg 1536w\" sizes=\"auto, (max-width: 767px) 89vw, (max-width: 1000px) 54vw, (max-width: 1071px) 543px, 580px\" \/><\/figure>\n\n\n\n<figure class=\"wp-block-image size-large\"><img loading=\"lazy\" decoding=\"async\" width=\"2000\" height=\"1500\" data-id=\"7598\" src=\"https:\/\/www.alajarvenankkurit.fi\/yleisurheilu\/wp-content\/uploads\/sites\/2\/2025\/06\/WhatsApp-Image-2025-06-16-at-21.47.26-2-1.jpeg\" alt=\"\" class=\"wp-image-7598\" srcset=\"https:\/\/www.alajarvenankkurit.fi\/yleisurheilu\/wp-content\/uploads\/sites\/2\/2025\/06\/WhatsApp-Image-2025-06-16-at-21.47.26-2-1.jpeg 2000w, https:\/\/www.alajarvenankkurit.fi\/yleisurheilu\/wp-content\/uploads\/sites\/2\/2025\/06\/WhatsApp-Image-2025-06-16-at-21.47.26-2-1-300x225.jpeg 300w, https:\/\/www.alajarvenankkurit.fi\/yleisurheilu\/wp-content\/uploads\/sites\/2\/2025\/06\/WhatsApp-Image-2025-06-16-at-21.47.26-2-1-768x576.jpeg 768w, https:\/\/www.alajarvenankkurit.fi\/yleisurheilu\/wp-content\/uploads\/sites\/2\/2025\/06\/WhatsApp-Image-2025-06-16-at-21.47.26-2-1-1536x1152.jpeg 1536w\" sizes=\"auto, (max-width: 767px) 89vw, (max-width: 1000px) 54vw, (max-width: 1071px) 543px, 580px\" \/><\/figure>\n<\/figure>\n","protected":false},"excerpt":{"rendered":"<p>Pikku sadekuurot eiv\u00e4t juuri haitanneet l\u00e4mpim\u00e4ss\u00e4 kes\u00e4s\u00e4\u00e4ss\u00e4 kilpailuja ensimm\u00e4isi\u00e4 viikkokisoja 16.6.2025. Nelj\u00e4n\u00e4 kes\u00e4n maanantaina harjoitellaan kilpailemista oikeilla yleisurheilulajeilla (lis\u00e4tiedot t\u00e4\u00e4ll\u00e4: alajarvenankkurit.fi\/yleisurheilu\/kilpailutoiminta\/viikkokisat\/). Kisailemassa oli kaikkiaan 55 i\u00e4lt\u00e4\u00e4n 3-13 -vuotiasta lasta. Viisivuotiaiden ik\u00e4sarjaa lukuun ottamatta kaikilla oli my\u00f6s kentt\u00e4laji: 7- ja 9-vuotiaat hypp\u00e4siv\u00e4t pituutta, 11-vuotiaat opettelivat kiekonheittoa ja 13-vuotiaat hypp\u00e4siv\u00e4t korkeutta. Palkinnot jaettiin laskien yhteen molemman lajin &hellip; <\/p>\n<p class=\"link-more\"><a href=\"https:\/\/www.alajarvenankkurit.fi\/yleisurheilu\/tuloksia\/2025\/viikkokisat-2025\/kesan-2025-ekat-viikkokisat\/\" class=\"more-link\">Jatka lukemista<span class=\"screen-reader-text\"> &#8221;Kes\u00e4n 2025 ekat viikkokisat!&#8221;<\/span><\/a><\/p>\n","protected":false},"author":5,"featured_media":0,"comment_status":"closed","ping_status":"open","sticky":false,"template":"","format":"standard","meta":{"footnotes":""},"categories":[66],"tags":[],"class_list":["post-7589","post","type-post","status-publish","format-standard","hentry","category-viikkokisat-2025"],"_links":{"self":[{"href":"https:\/\/www.alajarvenankkurit.fi\/yleisurheilu\/wp-json\/wp\/v2\/posts\/7589","targetHints":{"allow":["GET"]}}],"collection":[{"href":"https:\/\/www.alajarvenankkurit.fi\/yleisurheilu\/wp-json\/wp\/v2\/posts"}],"about":[{"href":"https:\/\/www.alajarvenankkurit.fi\/yleisurheilu\/wp-json\/wp\/v2\/types\/post"}],"author":[{"embeddable":true,"href":"https:\/\/www.alajarvenankkurit.fi\/yleisurheilu\/wp-json\/wp\/v2\/users\/5"}],"replies":[{"embeddable":true,"href":"https:\/\/www.alajarvenankkurit.fi\/yleisurheilu\/wp-json\/wp\/v2\/comments?post=7589"}],"version-history":[{"count":4,"href":"https:\/\/www.alajarvenankkurit.fi\/yleisurheilu\/wp-json\/wp\/v2\/posts\/7589\/revisions"}],"predecessor-version":[{"id":7600,"href":"https:\/\/www.alajarvenankkurit.fi\/yleisurheilu\/wp-json\/wp\/v2\/posts\/7589\/revisions\/7600"}],"wp:attachment":[{"href":"https:\/\/www.alajarvenankkurit.fi\/yleisurheilu\/wp-json\/wp\/v2\/media?parent=7589"}],"wp:term":[{"taxonomy":"category","embeddable":true,"href":"https:\/\/www.alajarvenankkurit.fi\/yleisurheilu\/wp-json\/wp\/v2\/categories?post=7589"},{"taxonomy":"post_tag","embeddable":true,"href":"https:\/\/www.alajarvenankkurit.fi\/yleisurheilu\/wp-json\/wp\/v2\/tags?post=7589"}],"curies":[{"name":"wp","href":"https:\/\/api.w.org\/{rel}","templated":true}]}}