{"id":6791,"date":"2024-08-14T15:23:41","date_gmt":"2024-08-14T12:23:41","guid":{"rendered":"https:\/\/www.alajarvenankkurit.fi\/yleisurheilu\/?p=6791"},"modified":"2024-08-15T00:49:25","modified_gmt":"2024-08-14T21:49:25","slug":"seuracupista-2024-ankkureille-finaalipaikka","status":"publish","type":"post","link":"https:\/\/www.alajarvenankkurit.fi\/yleisurheilu\/yleinen\/seuracupista-2024-ankkureille-finaalipaikka\/","title":{"rendered":"Seuracupista 2024 Ankkureille finaalipaikka!"},"content":{"rendered":"\n<p>Ankkurijoukkue taisteli v\u00e4livuoden j\u00e4lkeen riemukkaasti Seuracupin finaalipaikan sijoittumalla A-sarjassa (pienet seurat) sijalle 13. Seuraavakin sija j\u00e4i vain 27 pisteen p\u00e4\u00e4h\u00e4n. Ensimm\u00e4isen osakilpailun j\u00e4lkeen tilanne oli viel\u00e4 t\u00e4p\u00e4r\u00e4ll\u00e4 (<a href=\"https:\/\/www.alajarvenankkurit.fi\/yleisurheilu\/tuloksia\/2024\/taistelu-seuracupin-2024-pisteista-alkoi\/\" target=\"_blank\" rel=\"noreferrer noopener\">linkki uutiseen<\/a>), mutta mainiosti onnistuneen toisen osakilpailun (Alavudella 13.8.) j\u00e4lkeen p\u00e4\u00e4sy finaaliin varmistui. Kaikkiaan t\u00e4st\u00e4 osakilpailusta kertyi 8099 pistett\u00e4, mik\u00e4 on enemm\u00e4n kuin moneen vuoteen! Osakilpailun  36 lajista j\u00e4i lopulta uupumaan 8 poikaurheilijaa. Kaikki tytt\u00f6jen lajit ja viestit saatiin sen sijaan t\u00e4ytetty\u00e4 ja jokaisen urheilijan panosta tarvittiin.  Lopullinen pistetilanne: <a href=\"http:\/\/seuracup.tuloslista.com\/list\/A\/\" target=\"_blank\" rel=\"noreferrer noopener\">Seuracup pisteet (tuloslista.com)<\/a>. Lajeista tulleet pisteet p\u00e4\u00e4see n\u00e4kem\u00e4\u00e4n valitsemalla listasta Alaj\u00e4rven Ankkurit. <\/p>\n\n\n\n<p>Varsinainen pistehirmu oli tuore suomenmestari <strong>Hanna Siiril\u00e4<\/strong> (15v), joka ker\u00e4si bravuurilajistaan moukarista per\u00e4ti 923 pistett\u00e4 (57,97 m). Yli 400 pisteen p\u00e4\u00e4siv\u00e4t <strong>Sara Vuorela<\/strong> (N17 keih\u00e4s), <strong>Katariina Lepp\u00e4aho<\/strong> (N17 pituus), <strong>Viola Takala<\/strong> (N17 800m), <strong>Aada Piispanen<\/strong> (T15 80m aidat ja vasta 12-vuotias <strong>Max Jokiaho<\/strong> (P15 300m). L\u00e4helle 400 pistett\u00e4 oikeuttavia tuloksia tekiv\u00e4t my\u00f6s <strong>Jalo Kantonen<\/strong> (P11 60m aidat), <strong>Emilia Rantalahti <\/strong>(T15 200m) ja 11-vuotias <strong>Hilja-Henna Herrala<\/strong> (T13 60m aidat). Yksi upea Seuracupin piirre on urheilijan heitt\u00e4ytyminen t\u00e4ysin uuteen lajiin, kuten teki mm. <strong>Janika Saarela<\/strong> hypp\u00e4\u00e4m\u00e4ll\u00e4 rohkeasti vain kahden harjoituksen j\u00e4lkeen T13 seiv\u00e4st\u00e4 hienosti 162 cm. Lis\u00e4ksi l\u00e4hes kaikki k\u00e4velij\u00e4t kilpailivat lajissa ensimm\u00e4ist\u00e4 kertaa. Moni uhrautui kilpailemaan vanhemmassa ik\u00e4luokassa, kuten Hilja-Hennan ja Maxin ohella tekiv\u00e4t mm. vasta 8v <strong>Urho Ojaniemi<\/strong> (P11 kuula ja k\u00e4vely) ja vastik\u00e4\u00e4n 10v t\u00e4ytt\u00e4nyt <strong>Frans Sivula<\/strong> (P\/T15 4x800m viesti). Illan aikana syntyi l\u00e4hes 20 omaa enn\u00e4tyst\u00e4 sek\u00e4 yksi seuraenn\u00e4tys! <strong>Topias Keltikangas<\/strong> otti nimiins\u00e4 9v poikien korkeuden seuraenn\u00e4tyksen tuloksella 117 cm. Tulokset my\u00f6s <a href=\"https:\/\/www.tilastopaja.info\/fi\/db\/tulokset.php?CID=101515\" target=\"_blank\" rel=\"noreferrer noopener\">Tilastopajassa<\/a>. Lis\u00e4tietoja ja finaaliin valmistautumisesta t\u00e4\u00e4lt\u00e4: <a href=\"https:\/\/www.alajarvenankkurit.fi\/yleisurheilu\/kilpailutoiminta\/seuracup\/seuracup-2024\/\">Seuracup 2024 &#8211; Alaj\u00e4rven Ankkurit \/ Yleisurheilu (alajarvenankkurit.fi)<\/a><\/p>\n\n\n\n<figure class=\"wp-block-image size-full\"><img loading=\"lazy\" decoding=\"async\" width=\"1280\" height=\"960\" src=\"https:\/\/www.alajarvenankkurit.fi\/yleisurheilu\/wp-content\/uploads\/sites\/2\/2024\/08\/Kavely_11v_Urho_Anna-1.jpg\" alt=\"\" class=\"wp-image-6801\" srcset=\"https:\/\/www.alajarvenankkurit.fi\/yleisurheilu\/wp-content\/uploads\/sites\/2\/2024\/08\/Kavely_11v_Urho_Anna-1.jpg 1280w, https:\/\/www.alajarvenankkurit.fi\/yleisurheilu\/wp-content\/uploads\/sites\/2\/2024\/08\/Kavely_11v_Urho_Anna-1-300x225.jpg 300w, https:\/\/www.alajarvenankkurit.fi\/yleisurheilu\/wp-content\/uploads\/sites\/2\/2024\/08\/Kavely_11v_Urho_Anna-1-768x576.jpg 768w\" sizes=\"auto, (max-width: 767px) 89vw, (max-width: 1000px) 54vw, (max-width: 1071px) 543px, 580px\" \/><figcaption class=\"wp-element-caption\">11v k\u00e4velyn l\u00e4ht\u00f6viivan tungoksessa my\u00f6s Urho Ojaniemi ja Anna Zhukova.<\/figcaption><\/figure>\n\n\n\n<figure class=\"wp-block-gallery has-nested-images columns-2 is-cropped wp-block-gallery-1 is-layout-flex wp-block-gallery-is-layout-flex\">\n<figure class=\"wp-block-image size-full\"><img loading=\"lazy\" decoding=\"async\" width=\"1280\" height=\"960\" data-id=\"6800\" src=\"https:\/\/www.alajarvenankkurit.fi\/yleisurheilu\/wp-content\/uploads\/sites\/2\/2024\/08\/Nelly_Olga-1.jpg\" alt=\"\" class=\"wp-image-6800\" srcset=\"https:\/\/www.alajarvenankkurit.fi\/yleisurheilu\/wp-content\/uploads\/sites\/2\/2024\/08\/Nelly_Olga-1.jpg 1280w, https:\/\/www.alajarvenankkurit.fi\/yleisurheilu\/wp-content\/uploads\/sites\/2\/2024\/08\/Nelly_Olga-1-300x225.jpg 300w, https:\/\/www.alajarvenankkurit.fi\/yleisurheilu\/wp-content\/uploads\/sites\/2\/2024\/08\/Nelly_Olga-1-768x576.jpg 768w\" sizes=\"auto, (max-width: 767px) 89vw, (max-width: 1000px) 54vw, (max-width: 1071px) 543px, 580px\" \/><figcaption class=\"wp-element-caption\">Nelly ja Olga<\/figcaption><\/figure>\n\n\n\n<figure class=\"wp-block-image size-large\"><img loading=\"lazy\" decoding=\"async\" width=\"1071\" height=\"717\" data-id=\"6795\" src=\"https:\/\/www.alajarvenankkurit.fi\/yleisurheilu\/wp-content\/uploads\/sites\/2\/2024\/08\/Viesti_15v_Frans.jpg\" alt=\"\" class=\"wp-image-6795\" srcset=\"https:\/\/www.alajarvenankkurit.fi\/yleisurheilu\/wp-content\/uploads\/sites\/2\/2024\/08\/Viesti_15v_Frans.jpg 1071w, https:\/\/www.alajarvenankkurit.fi\/yleisurheilu\/wp-content\/uploads\/sites\/2\/2024\/08\/Viesti_15v_Frans-300x201.jpg 300w, https:\/\/www.alajarvenankkurit.fi\/yleisurheilu\/wp-content\/uploads\/sites\/2\/2024\/08\/Viesti_15v_Frans-768x514.jpg 768w\" sizes=\"auto, (max-width: 767px) 89vw, (max-width: 1000px) 54vw, (max-width: 1071px) 543px, 580px\" \/><figcaption class=\"wp-element-caption\">Frans (toinen oik) l\u00e4hd\u00f6ss\u00e4 15v viestiin.<\/figcaption><\/figure>\n<\/figure>\n","protected":false},"excerpt":{"rendered":"<p>Ankkurijoukkue taisteli v\u00e4livuoden j\u00e4lkeen riemukkaasti Seuracupin finaalipaikan sijoittumalla A-sarjassa (pienet seurat) sijalle 13. Seuraavakin sija j\u00e4i vain 27 pisteen p\u00e4\u00e4h\u00e4n. Ensimm\u00e4isen osakilpailun j\u00e4lkeen tilanne oli viel\u00e4 t\u00e4p\u00e4r\u00e4ll\u00e4 (linkki uutiseen), mutta mainiosti onnistuneen toisen osakilpailun (Alavudella 13.8.) j\u00e4lkeen p\u00e4\u00e4sy finaaliin varmistui. Kaikkiaan t\u00e4st\u00e4 osakilpailusta kertyi 8099 pistett\u00e4, mik\u00e4 on enemm\u00e4n kuin moneen vuoteen! Osakilpailun 36 lajista &hellip; <\/p>\n<p class=\"link-more\"><a href=\"https:\/\/www.alajarvenankkurit.fi\/yleisurheilu\/yleinen\/seuracupista-2024-ankkureille-finaalipaikka\/\" class=\"more-link\">Jatka lukemista<span class=\"screen-reader-text\"> &#8221;Seuracupista 2024 Ankkureille finaalipaikka!&#8221;<\/span><\/a><\/p>\n","protected":false},"author":5,"featured_media":0,"comment_status":"closed","ping_status":"open","sticky":false,"template":"","format":"standard","meta":{"footnotes":""},"categories":[60,1],"tags":[],"class_list":["post-6791","post","type-post","status-publish","format-standard","hentry","category-60","category-yleinen"],"_links":{"self":[{"href":"https:\/\/www.alajarvenankkurit.fi\/yleisurheilu\/wp-json\/wp\/v2\/posts\/6791","targetHints":{"allow":["GET"]}}],"collection":[{"href":"https:\/\/www.alajarvenankkurit.fi\/yleisurheilu\/wp-json\/wp\/v2\/posts"}],"about":[{"href":"https:\/\/www.alajarvenankkurit.fi\/yleisurheilu\/wp-json\/wp\/v2\/types\/post"}],"author":[{"embeddable":true,"href":"https:\/\/www.alajarvenankkurit.fi\/yleisurheilu\/wp-json\/wp\/v2\/users\/5"}],"replies":[{"embeddable":true,"href":"https:\/\/www.alajarvenankkurit.fi\/yleisurheilu\/wp-json\/wp\/v2\/comments?post=6791"}],"version-history":[{"count":8,"href":"https:\/\/www.alajarvenankkurit.fi\/yleisurheilu\/wp-json\/wp\/v2\/posts\/6791\/revisions"}],"predecessor-version":[{"id":6816,"href":"https:\/\/www.alajarvenankkurit.fi\/yleisurheilu\/wp-json\/wp\/v2\/posts\/6791\/revisions\/6816"}],"wp:attachment":[{"href":"https:\/\/www.alajarvenankkurit.fi\/yleisurheilu\/wp-json\/wp\/v2\/media?parent=6791"}],"wp:term":[{"taxonomy":"category","embeddable":true,"href":"https:\/\/www.alajarvenankkurit.fi\/yleisurheilu\/wp-json\/wp\/v2\/categories?post=6791"},{"taxonomy":"post_tag","embeddable":true,"href":"https:\/\/www.alajarvenankkurit.fi\/yleisurheilu\/wp-json\/wp\/v2\/tags?post=6791"}],"curies":[{"name":"wp","href":"https:\/\/api.w.org\/{rel}","templated":true}]}}