{"id":5788,"date":"2023-09-05T22:56:53","date_gmt":"2023-09-05T19:56:53","guid":{"rendered":"https:\/\/www.alajarvenankkurit.fi\/yleisurheilu\/?p=5788"},"modified":"2023-09-05T22:58:01","modified_gmt":"2023-09-05T19:58:01","slug":"katariina-suomi-paidassa","status":"publish","type":"post","link":"https:\/\/www.alajarvenankkurit.fi\/yleisurheilu\/tuloksia\/2023\/katariina-suomi-paidassa\/","title":{"rendered":"Katariina Suomi-paidassa!"},"content":{"rendered":"\n<p><strong>Katariina Lepp\u00e4aho <\/strong>suoriutui mainiosti kisaurakastaan 2.-3.9.2023 Tukholmassa j\u00e4rjestelyss\u00e4 Ruotsi-Suomi maaottelussa! T\u00e4n\u00e4 kes\u00e4n\u00e4 16 vuotta t\u00e4ytt\u00e4nyt Katariina sai edustusteht\u00e4v\u00e4n kahta viikkoa aiemmin SM-otteluissa saavuttamansa N17-sarjan pronssimitalin my\u00f6t\u00e4. H\u00e4n aloitti kolmiottelun hypp\u00e4\u00e4m\u00e4ll\u00e4 korkeutta 157 cm, joka on vain sentin v\u00e4hemm\u00e4n kuin elokuussa tekem\u00e4ns\u00e4 enn\u00e4tyskorkeus. Toisena lajina oli kuula (10,30 m), joka sek\u00e4\u00e4n ei j\u00e4\u00e4nyt enn\u00e4tyksest\u00e4 kuin 25 cm. Viimeisen\u00e4 lajina oli 100 m aidat, jossa Katariina juoksi uudeksi enn\u00e4tysajakseen 15,02. Tytt\u00f6jen kilpailuissa on kaksi edustajaa kummallakin maalla ja Katariina sijoittui hienosti kolmanneksi j\u00e4tt\u00e4en toisen Ruotsin edustajan taakseen. Tytt\u00f6jen maaottelun kaikki tulokset l\u00f6ytyv\u00e4t <a href=\"https:\/\/www.tilastopaja.eu\/fi\/db\/tulokset.php?CID=96470\" target=\"_blank\" rel=\"noreferrer noopener\">t\u00e4st\u00e4 linkist\u00e4<\/a>.<\/p>\n\n\n\n<figure class=\"wp-block-image size-full\"><img loading=\"lazy\" decoding=\"async\" width=\"743\" height=\"981\" src=\"https:\/\/www.alajarvenankkurit.fi\/yleisurheilu\/wp-content\/uploads\/sites\/2\/2023\/09\/Katariina_maaottelussa_pieni-1.jpg\" alt=\"\" class=\"wp-image-5791\" srcset=\"https:\/\/www.alajarvenankkurit.fi\/yleisurheilu\/wp-content\/uploads\/sites\/2\/2023\/09\/Katariina_maaottelussa_pieni-1.jpg 743w, https:\/\/www.alajarvenankkurit.fi\/yleisurheilu\/wp-content\/uploads\/sites\/2\/2023\/09\/Katariina_maaottelussa_pieni-1-227x300.jpg 227w\" sizes=\"auto, (max-width: 706px) 89vw, (max-width: 767px) 82vw, 740px\" \/><\/figure>\n","protected":false},"excerpt":{"rendered":"<p>Katariina Lepp\u00e4aho suoriutui mainiosti kisaurakastaan 2.-3.9.2023 Tukholmassa j\u00e4rjestelyss\u00e4 Ruotsi-Suomi maaottelussa! T\u00e4n\u00e4 kes\u00e4n\u00e4 16 vuotta t\u00e4ytt\u00e4nyt Katariina sai edustusteht\u00e4v\u00e4n kahta viikkoa aiemmin SM-otteluissa saavuttamansa N17-sarjan pronssimitalin my\u00f6t\u00e4. H\u00e4n aloitti kolmiottelun hypp\u00e4\u00e4m\u00e4ll\u00e4 korkeutta 157 cm, joka on vain sentin v\u00e4hemm\u00e4n kuin elokuussa tekem\u00e4ns\u00e4 enn\u00e4tyskorkeus. Toisena lajina oli kuula (10,30 m), joka sek\u00e4\u00e4n ei j\u00e4\u00e4nyt enn\u00e4tyksest\u00e4 kuin 25 &hellip; <\/p>\n<p class=\"link-more\"><a href=\"https:\/\/www.alajarvenankkurit.fi\/yleisurheilu\/tuloksia\/2023\/katariina-suomi-paidassa\/\" class=\"more-link\">Jatka lukemista<span class=\"screen-reader-text\"> &#8221;Katariina Suomi-paidassa!&#8221;<\/span><\/a><\/p>\n","protected":false},"author":5,"featured_media":0,"comment_status":"closed","ping_status":"open","sticky":false,"template":"","format":"standard","meta":{"footnotes":""},"categories":[46],"tags":[],"class_list":["post-5788","post","type-post","status-publish","format-standard","hentry","category-46"],"_links":{"self":[{"href":"https:\/\/www.alajarvenankkurit.fi\/yleisurheilu\/wp-json\/wp\/v2\/posts\/5788","targetHints":{"allow":["GET"]}}],"collection":[{"href":"https:\/\/www.alajarvenankkurit.fi\/yleisurheilu\/wp-json\/wp\/v2\/posts"}],"about":[{"href":"https:\/\/www.alajarvenankkurit.fi\/yleisurheilu\/wp-json\/wp\/v2\/types\/post"}],"author":[{"embeddable":true,"href":"https:\/\/www.alajarvenankkurit.fi\/yleisurheilu\/wp-json\/wp\/v2\/users\/5"}],"replies":[{"embeddable":true,"href":"https:\/\/www.alajarvenankkurit.fi\/yleisurheilu\/wp-json\/wp\/v2\/comments?post=5788"}],"version-history":[{"count":2,"href":"https:\/\/www.alajarvenankkurit.fi\/yleisurheilu\/wp-json\/wp\/v2\/posts\/5788\/revisions"}],"predecessor-version":[{"id":5792,"href":"https:\/\/www.alajarvenankkurit.fi\/yleisurheilu\/wp-json\/wp\/v2\/posts\/5788\/revisions\/5792"}],"wp:attachment":[{"href":"https:\/\/www.alajarvenankkurit.fi\/yleisurheilu\/wp-json\/wp\/v2\/media?parent=5788"}],"wp:term":[{"taxonomy":"category","embeddable":true,"href":"https:\/\/www.alajarvenankkurit.fi\/yleisurheilu\/wp-json\/wp\/v2\/categories?post=5788"},{"taxonomy":"post_tag","embeddable":true,"href":"https:\/\/www.alajarvenankkurit.fi\/yleisurheilu\/wp-json\/wp\/v2\/tags?post=5788"}],"curies":[{"name":"wp","href":"https:\/\/api.w.org\/{rel}","templated":true}]}}