{"id":5773,"date":"2023-08-28T23:25:54","date_gmt":"2023-08-28T20:25:54","guid":{"rendered":"https:\/\/www.alajarvenankkurit.fi\/yleisurheilu\/?p=5773"},"modified":"2023-10-08T15:57:31","modified_gmt":"2023-10-08T12:57:31","slug":"sisuviestit-ankkurikentalla-poikajoukkue-toi-kultaa","status":"publish","type":"post","link":"https:\/\/www.alajarvenankkurit.fi\/yleisurheilu\/tuloksia\/2023\/sisuviestit-ankkurikentalla-poikajoukkue-toi-kultaa\/","title":{"rendered":"Sisuviestit Ankkurikent\u00e4ll\u00e4 &#8211; poikajoukkue toi kultaa!"},"content":{"rendered":"\n<p>Melkoinen vipin\u00e4 k\u00e4vi 27.8.2023 Ankkurikent\u00e4ll\u00e4, kun noin 200 joukkuetta tavoitteli Etel\u00e4-Pohjanmaan piirinmestaruusmitaleita 9-15 -vuotiaiden viestijuoksuissa. Kaikkiaan 15 seuraa oli ilmoittanut yli 400 urheilijaa. Kilpailup\u00e4iv\u00e4 kestikin yli viisi tuntia, mutta Ankkurien  toimitsijat ja kioskin pit\u00e4j\u00e4t selvisiv\u00e4t kovasta urakasta hyvin. Kiitos kaikille uurastamisesta!<\/p>\n\n\n\n<p>Kilpailuissa n\u00e4htiin pitk\u00e4st\u00e4 aikaa Ankkureiden poikajoukkue mitalivauhdissa ja mik\u00e4p\u00e4 muukaan se mitalin v\u00e4ri oli kuin <strong>KULTAINEN!<\/strong> 9-vuotiaiden 4x400m viestijoukkueen pojat (<strong>Samu Vuorinen, Topias Keltikangas, Riku Vuorela ja Jalo Kantonen<\/strong>) juoksivat upeasti johtaen 15 joukkueen viesti\u00e4 l\u00e4hes koko ajan. Pojat osallistuivat my\u00f6s 8x40m sukkulaviestiin yhdess\u00e4 tytt\u00f6jen (<strong>Hilda Turja, Ellen Piispanen, Olivia Hietam\u00e4ki ja Anna Zhukova<\/strong>) kanssa. Joukkue selvisi alkuerien kautta finaaliin ja sijoittui sijalle 8. N\u00e4m\u00e4 tyt\u00f6t osallistuivat my\u00f6s 4x400m viestiin sijoittuen 18 joukkueen kilpailussa hienosti niinik\u00e4\u00e4n sijalle 8. <\/p>\n\n\n\n<figure class=\"wp-block-gallery has-nested-images columns-2 is-cropped wp-block-gallery-1 is-layout-flex wp-block-gallery-is-layout-flex\">\n<figure class=\"wp-block-image size-full\"><a href=\"https:\/\/www.alajarvenankkurit.fi\/yleisurheilu\/wp-content\/uploads\/sites\/2\/2023\/08\/WhatsApp-Image-2023-08-27-at-18.26.43.jpeg\"><img loading=\"lazy\" decoding=\"async\" width=\"2000\" height=\"1126\" data-id=\"5777\" src=\"https:\/\/www.alajarvenankkurit.fi\/yleisurheilu\/wp-content\/uploads\/sites\/2\/2023\/08\/WhatsApp-Image-2023-08-27-at-18.26.43.jpeg\" alt=\"\" class=\"wp-image-5777\" srcset=\"https:\/\/www.alajarvenankkurit.fi\/yleisurheilu\/wp-content\/uploads\/sites\/2\/2023\/08\/WhatsApp-Image-2023-08-27-at-18.26.43.jpeg 2000w, https:\/\/www.alajarvenankkurit.fi\/yleisurheilu\/wp-content\/uploads\/sites\/2\/2023\/08\/WhatsApp-Image-2023-08-27-at-18.26.43-300x169.jpeg 300w, https:\/\/www.alajarvenankkurit.fi\/yleisurheilu\/wp-content\/uploads\/sites\/2\/2023\/08\/WhatsApp-Image-2023-08-27-at-18.26.43-768x432.jpeg 768w, https:\/\/www.alajarvenankkurit.fi\/yleisurheilu\/wp-content\/uploads\/sites\/2\/2023\/08\/WhatsApp-Image-2023-08-27-at-18.26.43-1536x865.jpeg 1536w\" sizes=\"auto, (max-width: 767px) 89vw, (max-width: 1000px) 54vw, (max-width: 1071px) 543px, 580px\" \/><\/a><figcaption class=\"wp-element-caption\">Mestarit Riku, Samu, Jalo ja Topias<\/figcaption><\/figure>\n<\/figure>\n\n\n\n<p>13-vuotiaat tyt\u00f6t osallistuivat hieman eri kokoonpanoilla 4x60m aitajuoksuviestiin (<strong>Emma Paalij\u00e4rvi, Olga Zhukova, Jenica Pessinen ja Nelly Sillanp\u00e4\u00e4<\/strong>), 4x600m (Nelly, Olga, Emma ja <strong>Lumia Piispanen<\/strong>) ja 4x100m viestiin kahdella joukkueella (Lumia, <strong>Saini Saarela, Selja Saarela<\/strong> ja Jenica sek\u00e4 Emma, Olga, Nelly ja <strong>Lumi-Jolanda Sivula<\/strong>). Viimeksi mainittu joukkue selvisi alkuerist\u00e4 finaalin, mutta jouduttiin valitettavasti hylk\u00e4\u00e4m\u00e4\u00e4n vaihtorikon takia. 11-vuotiaat tyt\u00f6t osallistuivat kahdella joukkueella 4x50m ja 4x600m viesteihin (<strong>Hilja Herrala, Roosa Pessinen, Linnea Piispanen ja Amanda Herrala<\/strong> sek\u00e4 <strong>Emilia Etula, Janika Saarela, Janette Saarela ja Meimi Lillstrang<\/strong>), joista ensiksi mainittu joukkue juoksi finaalin viidenneksi ja kuudenneksi. <\/p>\n\n\n\n<p>Ankkureiden joukkueiden kokoajat tekiv\u00e4t hienoa ty\u00f6t\u00e4 kootessaan pitk\u00e4st\u00e4 aikaa n\u00e4in monta joukkuetta, kiitos teille! Kaikki tulokset <a href=\"https:\/\/www.tilastopaja.eu\/fi\/db\/tulokset.php?CID=96312\" target=\"_blank\" rel=\"noreferrer noopener\">Tilastopajassa<\/a>.<\/p>\n\n\n\n<figure class=\"wp-block-gallery has-nested-images columns-default is-cropped wp-block-gallery-2 is-layout-flex wp-block-gallery-is-layout-flex\">\n<figure class=\"wp-block-image size-large\"><img loading=\"lazy\" decoding=\"async\" width=\"1600\" height=\"1200\" data-id=\"5778\" src=\"https:\/\/www.alajarvenankkurit.fi\/yleisurheilu\/wp-content\/uploads\/sites\/2\/2023\/08\/WhatsApp-Image-2023-08-27-at-18.07.26-1.jpeg\" alt=\"\" class=\"wp-image-5778\" srcset=\"https:\/\/www.alajarvenankkurit.fi\/yleisurheilu\/wp-content\/uploads\/sites\/2\/2023\/08\/WhatsApp-Image-2023-08-27-at-18.07.26-1.jpeg 1600w, https:\/\/www.alajarvenankkurit.fi\/yleisurheilu\/wp-content\/uploads\/sites\/2\/2023\/08\/WhatsApp-Image-2023-08-27-at-18.07.26-1-300x225.jpeg 300w, https:\/\/www.alajarvenankkurit.fi\/yleisurheilu\/wp-content\/uploads\/sites\/2\/2023\/08\/WhatsApp-Image-2023-08-27-at-18.07.26-1-768x576.jpeg 768w, https:\/\/www.alajarvenankkurit.fi\/yleisurheilu\/wp-content\/uploads\/sites\/2\/2023\/08\/WhatsApp-Image-2023-08-27-at-18.07.26-1-1536x1152.jpeg 1536w\" sizes=\"auto, (max-width: 767px) 89vw, (max-width: 1000px) 54vw, (max-width: 1071px) 543px, 580px\" \/><\/figure>\n\n\n\n<figure class=\"wp-block-image size-large\"><img loading=\"lazy\" decoding=\"async\" width=\"2016\" height=\"1134\" data-id=\"5779\" src=\"https:\/\/www.alajarvenankkurit.fi\/yleisurheilu\/wp-content\/uploads\/sites\/2\/2023\/08\/WhatsApp-Image-2023-08-27-at-14.31.22-1.jpeg\" alt=\"\" class=\"wp-image-5779\" srcset=\"https:\/\/www.alajarvenankkurit.fi\/yleisurheilu\/wp-content\/uploads\/sites\/2\/2023\/08\/WhatsApp-Image-2023-08-27-at-14.31.22-1.jpeg 2016w, https:\/\/www.alajarvenankkurit.fi\/yleisurheilu\/wp-content\/uploads\/sites\/2\/2023\/08\/WhatsApp-Image-2023-08-27-at-14.31.22-1-300x169.jpeg 300w, https:\/\/www.alajarvenankkurit.fi\/yleisurheilu\/wp-content\/uploads\/sites\/2\/2023\/08\/WhatsApp-Image-2023-08-27-at-14.31.22-1-768x432.jpeg 768w, https:\/\/www.alajarvenankkurit.fi\/yleisurheilu\/wp-content\/uploads\/sites\/2\/2023\/08\/WhatsApp-Image-2023-08-27-at-14.31.22-1-1536x864.jpeg 1536w\" sizes=\"auto, (max-width: 767px) 89vw, (max-width: 1000px) 54vw, (max-width: 1071px) 543px, 580px\" \/><\/figure>\n<\/figure>\n","protected":false},"excerpt":{"rendered":"<p>Melkoinen vipin\u00e4 k\u00e4vi 27.8.2023 Ankkurikent\u00e4ll\u00e4, kun noin 200 joukkuetta tavoitteli Etel\u00e4-Pohjanmaan piirinmestaruusmitaleita 9-15 -vuotiaiden viestijuoksuissa. Kaikkiaan 15 seuraa oli ilmoittanut yli 400 urheilijaa. Kilpailup\u00e4iv\u00e4 kestikin yli viisi tuntia, mutta Ankkurien toimitsijat ja kioskin pit\u00e4j\u00e4t selvisiv\u00e4t kovasta urakasta hyvin. Kiitos kaikille uurastamisesta! Kilpailuissa n\u00e4htiin pitk\u00e4st\u00e4 aikaa Ankkureiden poikajoukkue mitalivauhdissa ja mik\u00e4p\u00e4 muukaan se mitalin v\u00e4ri oli &hellip; <\/p>\n<p class=\"link-more\"><a href=\"https:\/\/www.alajarvenankkurit.fi\/yleisurheilu\/tuloksia\/2023\/sisuviestit-ankkurikentalla-poikajoukkue-toi-kultaa\/\" class=\"more-link\">Jatka lukemista<span class=\"screen-reader-text\"> &#8221;Sisuviestit Ankkurikent\u00e4ll\u00e4 &#8211; poikajoukkue toi kultaa!&#8221;<\/span><\/a><\/p>\n","protected":false},"author":5,"featured_media":0,"comment_status":"closed","ping_status":"open","sticky":false,"template":"","format":"standard","meta":{"footnotes":""},"categories":[46],"tags":[],"class_list":["post-5773","post","type-post","status-publish","format-standard","hentry","category-46"],"_links":{"self":[{"href":"https:\/\/www.alajarvenankkurit.fi\/yleisurheilu\/wp-json\/wp\/v2\/posts\/5773","targetHints":{"allow":["GET"]}}],"collection":[{"href":"https:\/\/www.alajarvenankkurit.fi\/yleisurheilu\/wp-json\/wp\/v2\/posts"}],"about":[{"href":"https:\/\/www.alajarvenankkurit.fi\/yleisurheilu\/wp-json\/wp\/v2\/types\/post"}],"author":[{"embeddable":true,"href":"https:\/\/www.alajarvenankkurit.fi\/yleisurheilu\/wp-json\/wp\/v2\/users\/5"}],"replies":[{"embeddable":true,"href":"https:\/\/www.alajarvenankkurit.fi\/yleisurheilu\/wp-json\/wp\/v2\/comments?post=5773"}],"version-history":[{"count":2,"href":"https:\/\/www.alajarvenankkurit.fi\/yleisurheilu\/wp-json\/wp\/v2\/posts\/5773\/revisions"}],"predecessor-version":[{"id":5839,"href":"https:\/\/www.alajarvenankkurit.fi\/yleisurheilu\/wp-json\/wp\/v2\/posts\/5773\/revisions\/5839"}],"wp:attachment":[{"href":"https:\/\/www.alajarvenankkurit.fi\/yleisurheilu\/wp-json\/wp\/v2\/media?parent=5773"}],"wp:term":[{"taxonomy":"category","embeddable":true,"href":"https:\/\/www.alajarvenankkurit.fi\/yleisurheilu\/wp-json\/wp\/v2\/categories?post=5773"},{"taxonomy":"post_tag","embeddable":true,"href":"https:\/\/www.alajarvenankkurit.fi\/yleisurheilu\/wp-json\/wp\/v2\/tags?post=5773"}],"curies":[{"name":"wp","href":"https:\/\/api.w.org\/{rel}","templated":true}]}}