{"id":5666,"date":"2023-08-01T22:42:15","date_gmt":"2023-08-01T19:42:15","guid":{"rendered":"https:\/\/www.alajarvenankkurit.fi\/yleisurheilu\/?p=5666"},"modified":"2023-08-01T22:43:19","modified_gmt":"2023-08-01T19:43:19","slug":"kalevan-kisat-2023-mikko-pistesijalle","status":"publish","type":"post","link":"https:\/\/www.alajarvenankkurit.fi\/yleisurheilu\/tuloksia\/2023\/kalevan-kisat-2023-mikko-pistesijalle\/","title":{"rendered":"Kalevan Kisat 2023 &#8211; Mikko pistesijalle"},"content":{"rendered":"\n<p>Lahdessa 27.-30.7. j\u00e4rjestetyt Kalevan Kisat eiv\u00e4t t\u00e4ll\u00e4 kertaa tarjonneet Ankkureille suurta  juhlan aihetta. Paras sijoitus oli <strong>Mikko Paavola<\/strong>n viides sija seip\u00e4\u00e4ss\u00e4 tuloksella 515. H\u00e4n avasi kisakautensa seip\u00e4\u00e4n karsinnassa ja selvisi vaivatta finaaliin. Mikko loukkaantui kev\u00e4\u00e4ll\u00e4 eik\u00e4 kilpailuhyppyj\u00e4 ole viel\u00e4 ehtinyt kerty\u00e4 riitt\u00e4v\u00e4sti t\u00e4yden vauhdin hyppyihin. <a href=\"https:\/\/areena.yle.fi\/1-65893027?seek=360\" target=\"_blank\" rel=\"noreferrer noopener\">Linkki Mikon haastatteluun<\/a> (YLEn TV-l\u00e4hetys kohdalla 6:28-7:05).<\/p>\n\n\n\n<p>Ankkureiden toinen mitalitoivo <strong>Antti Iham\u00e4ki <\/strong>l\u00e4hti 10 000 m rohkeasti vetojuhdan rooliin ja johti kilpailua aina puoliv\u00e4liin saakka. Pian sen j\u00e4lkeen h\u00e4n kuitenkin joutui keskeytt\u00e4m\u00e4\u00e4n. Kilpailuun valmistautuminen sai vaarallisen k\u00e4\u00e4nteen vain vajaa tunti ennen starttia, sill\u00e4 h\u00e4n joutui suojatiell\u00e4 pakettiauton t\u00f6yt\u00e4isem\u00e4ksi, mutta selvisi onneksi ilman suurempia vaurioita. <\/p>\n\n\n\n<p><strong>Aleksi Yli-Mannila <\/strong>selviytyi keih\u00e4\u00e4n karsinnan 10. sijalle (70,70)  ja selviytyi n\u00e4in finaaliin. Sateisessa ja viile\u00e4ss\u00e4 keliss\u00e4 k\u00e4yty karsintakilpailu j\u00e4i tulostasoltaan vaatimattomaksi, kun heitt\u00e4j\u00e4t varoivat liukasta alustaa. Aleksi heitti kaikki kolme karsintaheittoa, joista viimeisess\u00e4 sai repe\u00e4m\u00e4n takareiteens\u00e4 ja joutui seuraamaan finaalin katsomosta. <strong>Juhana Karjanlahti<\/strong> j\u00e4i viitisen metri\u00e4 kauden parhaimmista heitoistaan ja kohtalona oli j\u00e4\u00e4d\u00e4 vaivaiset 15 cm viimeisest\u00e4 finaalipaikasta. Moukari lensi toisella heitolla tulokseen 61,03 ja oikeutti sijaan 11. <strong>Teemu Tuomela<\/strong> ei liioin ollut parhaimmassa juoksuvireess\u00e4. H\u00e4n juoksi 400m alkueriss\u00e4 ajan 50,22 ja karsiutui finaalista. (Kaikki Kalevan Kisojen tulokset t\u00e4st\u00e4 linkist\u00e4: https:\/\/www.tilastopaja.eu\/fi\/db\/tulokset.php?CID=95573)<\/p>\n\n\n\n<figure class=\"wp-block-gallery has-nested-images columns-default is-cropped wp-block-gallery-1 is-layout-flex wp-block-gallery-is-layout-flex\">\n<figure class=\"wp-block-image size-large\"><img loading=\"lazy\" decoding=\"async\" width=\"1536\" height=\"2048\" data-id=\"5669\" src=\"https:\/\/www.alajarvenankkurit.fi\/yleisurheilu\/wp-content\/uploads\/sites\/2\/2023\/08\/Antti_KK_10000m-1536x2048.jpg\" alt=\"\" class=\"wp-image-5669\" srcset=\"https:\/\/www.alajarvenankkurit.fi\/yleisurheilu\/wp-content\/uploads\/sites\/2\/2023\/08\/Antti_KK_10000m-1536x2048.jpg 1536w, https:\/\/www.alajarvenankkurit.fi\/yleisurheilu\/wp-content\/uploads\/sites\/2\/2023\/08\/Antti_KK_10000m-225x300.jpg 225w, https:\/\/www.alajarvenankkurit.fi\/yleisurheilu\/wp-content\/uploads\/sites\/2\/2023\/08\/Antti_KK_10000m-768x1024.jpg 768w, https:\/\/www.alajarvenankkurit.fi\/yleisurheilu\/wp-content\/uploads\/sites\/2\/2023\/08\/Antti_KK_10000m-1152x1536.jpg 1152w, https:\/\/www.alajarvenankkurit.fi\/yleisurheilu\/wp-content\/uploads\/sites\/2\/2023\/08\/Antti_KK_10000m-scaled.jpg 1920w\" sizes=\"auto, (max-width: 767px) 89vw, (max-width: 1000px) 54vw, (max-width: 1071px) 543px, 580px\" \/><\/figure>\n\n\n\n<figure class=\"wp-block-image size-large\"><img loading=\"lazy\" decoding=\"async\" width=\"1536\" height=\"2048\" data-id=\"5668\" src=\"https:\/\/www.alajarvenankkurit.fi\/yleisurheilu\/wp-content\/uploads\/sites\/2\/2023\/08\/Juhana_KK_karsinta-1536x2048.jpg\" alt=\"\" class=\"wp-image-5668\" srcset=\"https:\/\/www.alajarvenankkurit.fi\/yleisurheilu\/wp-content\/uploads\/sites\/2\/2023\/08\/Juhana_KK_karsinta-1536x2048.jpg 1536w, https:\/\/www.alajarvenankkurit.fi\/yleisurheilu\/wp-content\/uploads\/sites\/2\/2023\/08\/Juhana_KK_karsinta-225x300.jpg 225w, https:\/\/www.alajarvenankkurit.fi\/yleisurheilu\/wp-content\/uploads\/sites\/2\/2023\/08\/Juhana_KK_karsinta-768x1024.jpg 768w, https:\/\/www.alajarvenankkurit.fi\/yleisurheilu\/wp-content\/uploads\/sites\/2\/2023\/08\/Juhana_KK_karsinta-1152x1536.jpg 1152w, https:\/\/www.alajarvenankkurit.fi\/yleisurheilu\/wp-content\/uploads\/sites\/2\/2023\/08\/Juhana_KK_karsinta-scaled.jpg 1920w\" sizes=\"auto, (max-width: 767px) 89vw, (max-width: 1000px) 54vw, (max-width: 1071px) 543px, 580px\" \/><\/figure>\n\n\n\n<figure class=\"wp-block-image size-large\"><img loading=\"lazy\" decoding=\"async\" width=\"1069\" height=\"1453\" data-id=\"5667\" src=\"https:\/\/www.alajarvenankkurit.fi\/yleisurheilu\/wp-content\/uploads\/sites\/2\/2023\/08\/Mikko_Kalevan_kisojen_karsinta.jpg\" alt=\"\" class=\"wp-image-5667\" srcset=\"https:\/\/www.alajarvenankkurit.fi\/yleisurheilu\/wp-content\/uploads\/sites\/2\/2023\/08\/Mikko_Kalevan_kisojen_karsinta.jpg 1069w, https:\/\/www.alajarvenankkurit.fi\/yleisurheilu\/wp-content\/uploads\/sites\/2\/2023\/08\/Mikko_Kalevan_kisojen_karsinta-221x300.jpg 221w, https:\/\/www.alajarvenankkurit.fi\/yleisurheilu\/wp-content\/uploads\/sites\/2\/2023\/08\/Mikko_Kalevan_kisojen_karsinta-768x1044.jpg 768w\" sizes=\"auto, (max-width: 767px) 89vw, (max-width: 1000px) 54vw, (max-width: 1071px) 543px, 580px\" \/><\/figure>\n<\/figure>\n","protected":false},"excerpt":{"rendered":"<p>Lahdessa 27.-30.7. j\u00e4rjestetyt Kalevan Kisat eiv\u00e4t t\u00e4ll\u00e4 kertaa tarjonneet Ankkureille suurta juhlan aihetta. Paras sijoitus oli Mikko Paavolan viides sija seip\u00e4\u00e4ss\u00e4 tuloksella 515. H\u00e4n avasi kisakautensa seip\u00e4\u00e4n karsinnassa ja selvisi vaivatta finaaliin. Mikko loukkaantui kev\u00e4\u00e4ll\u00e4 eik\u00e4 kilpailuhyppyj\u00e4 ole viel\u00e4 ehtinyt kerty\u00e4 riitt\u00e4v\u00e4sti t\u00e4yden vauhdin hyppyihin. Linkki Mikon haastatteluun (YLEn TV-l\u00e4hetys kohdalla 6:28-7:05). Ankkureiden toinen mitalitoivo &hellip; <\/p>\n<p class=\"link-more\"><a href=\"https:\/\/www.alajarvenankkurit.fi\/yleisurheilu\/tuloksia\/2023\/kalevan-kisat-2023-mikko-pistesijalle\/\" class=\"more-link\">Jatka lukemista<span class=\"screen-reader-text\"> &#8221;Kalevan Kisat 2023 &#8211; Mikko pistesijalle&#8221;<\/span><\/a><\/p>\n","protected":false},"author":5,"featured_media":0,"comment_status":"closed","ping_status":"open","sticky":false,"template":"","format":"standard","meta":{"footnotes":""},"categories":[46],"tags":[],"class_list":["post-5666","post","type-post","status-publish","format-standard","hentry","category-46"],"_links":{"self":[{"href":"https:\/\/www.alajarvenankkurit.fi\/yleisurheilu\/wp-json\/wp\/v2\/posts\/5666","targetHints":{"allow":["GET"]}}],"collection":[{"href":"https:\/\/www.alajarvenankkurit.fi\/yleisurheilu\/wp-json\/wp\/v2\/posts"}],"about":[{"href":"https:\/\/www.alajarvenankkurit.fi\/yleisurheilu\/wp-json\/wp\/v2\/types\/post"}],"author":[{"embeddable":true,"href":"https:\/\/www.alajarvenankkurit.fi\/yleisurheilu\/wp-json\/wp\/v2\/users\/5"}],"replies":[{"embeddable":true,"href":"https:\/\/www.alajarvenankkurit.fi\/yleisurheilu\/wp-json\/wp\/v2\/comments?post=5666"}],"version-history":[{"count":2,"href":"https:\/\/www.alajarvenankkurit.fi\/yleisurheilu\/wp-json\/wp\/v2\/posts\/5666\/revisions"}],"predecessor-version":[{"id":5671,"href":"https:\/\/www.alajarvenankkurit.fi\/yleisurheilu\/wp-json\/wp\/v2\/posts\/5666\/revisions\/5671"}],"wp:attachment":[{"href":"https:\/\/www.alajarvenankkurit.fi\/yleisurheilu\/wp-json\/wp\/v2\/media?parent=5666"}],"wp:term":[{"taxonomy":"category","embeddable":true,"href":"https:\/\/www.alajarvenankkurit.fi\/yleisurheilu\/wp-json\/wp\/v2\/categories?post=5666"},{"taxonomy":"post_tag","embeddable":true,"href":"https:\/\/www.alajarvenankkurit.fi\/yleisurheilu\/wp-json\/wp\/v2\/tags?post=5666"}],"curies":[{"name":"wp","href":"https:\/\/api.w.org\/{rel}","templated":true}]}}