{"id":5650,"date":"2023-07-23T21:55:11","date_gmt":"2023-07-23T18:55:11","guid":{"rendered":"https:\/\/www.alajarvenankkurit.fi\/yleisurheilu\/?p=5650"},"modified":"2023-07-23T22:00:26","modified_gmt":"2023-07-23T19:00:26","slug":"sisuhuipentuma-2023-hanna-ja-aada-mitaleille","status":"publish","type":"post","link":"https:\/\/www.alajarvenankkurit.fi\/yleisurheilu\/tuloksia\/2023\/sisuhuipentuma-2023-hanna-ja-aada-mitaleille\/","title":{"rendered":"Sisuhuipentuma 2023 &#8211; Hanna ja Aada mitaleille!"},"content":{"rendered":"\n<p>T\u00e4m\u00e4n vuoden Sisuhuipentuma kilpailtiin 22.-23.7.2023 Kurikassa, jossa noin 350 sisuik\u00e4ist\u00e4 (9-15v) taisteli Etel\u00e4-Pohjanmaan piirinmestaruusmitaleista. Ankkureista oli  monen yhteensattuman vuoksi mukaan saatu vain pieni joukkue, mutta 9 urheilijaa suorittivat kuitenkin useampia lajeja. He tekiv\u00e4t 26 lajisuorituksessa kaikkiaan 12 omaa enn\u00e4tyst\u00e4 ja toivat 5 mitalin lis\u00e4ksi 9 sisupistesijaa.  Sisupisteit\u00e4 urheilijat ker\u00e4\u00e4v\u00e4t sijoista 1-6.<\/p>\n\n\n\n<p>Monen viime vuoden tapaan eniten mitaleja rohmusi <strong>Hanna Siiril\u00e4<\/strong> (14v), joka kilpaili yhdistetyss\u00e4 14-15v sarjassa ja otti kaikista heittolajeista mitalin: kiekosta KULTAA, moukarista ja kuulasta HOPEAA ja keih\u00e4\u00e4st\u00e4 PRONSSIA. Kiekossa syntyi j\u00e4lleen uusi seuraenn\u00e4tys ja se kirjataan nyt lukemiin 39,48 m. Viidennen mitalin toi <strong>Aada Piispanen<\/strong> (14v) kolmannella sijallaan 300 metrin aidoista. Aada kisasi mainiosti my\u00f6s 800 m (viides) ja pituuden (kuudes). L\u00e4helle mitalia p\u00e4\u00e4siv\u00e4t upeilla suorituksillaan <strong>Kasper Huttula<\/strong> (P12, korkeudessa nelj\u00e4s ja 60 m viides), <strong>Linnea Piispanen<\/strong> (T11, 1000 m nelj\u00e4s ja keih\u00e4\u00e4ss\u00e4 kuudes), <strong>Emma Paalij\u00e4rvi <\/strong>(T13, 200 m aidoissa kuudes), <strong>Lumia Piispanen<\/strong> (T13, 1000 m viides) sek\u00e4 ensikertalainen <strong>Hilda Turja<\/strong> (T9, pituudessa viides). Hienosti urakoivat my\u00f6s <strong>Olga Zhukova <\/strong>(T13) ja<strong> Ellen Piispanen<\/strong> (T9).<\/p>\n\n\n\n<p>Kaikki tulokset l\u00f6ytyv\u00e4t Tilastopajasta (<a href=\"https:\/\/www.tilastopaja.eu\/fi\/db\/tulokset.php?CID=95451\" target=\"_blank\" rel=\"noreferrer noopener\">https:\/\/www.tilastopaja.eu\/fi\/db\/tulokset.php?CID=83520<\/a>). (Kuvat joukkueenjohtajana toiminut Eucabeth Kivikangas.)<\/p>\n\n\n\n<figure class=\"wp-block-gallery has-nested-images columns-2 is-cropped wp-block-gallery-1 is-layout-flex wp-block-gallery-is-layout-flex\">\n<figure class=\"wp-block-image size-large\"><img loading=\"lazy\" decoding=\"async\" width=\"1536\" height=\"2048\" data-id=\"5653\" src=\"https:\/\/www.alajarvenankkurit.fi\/yleisurheilu\/wp-content\/uploads\/sites\/2\/2023\/07\/WhatsApp-Image-2023-07-22-at-21.34.53-3.jpeg\" alt=\"\" class=\"wp-image-5653\" srcset=\"https:\/\/www.alajarvenankkurit.fi\/yleisurheilu\/wp-content\/uploads\/sites\/2\/2023\/07\/WhatsApp-Image-2023-07-22-at-21.34.53-3.jpeg 1536w, https:\/\/www.alajarvenankkurit.fi\/yleisurheilu\/wp-content\/uploads\/sites\/2\/2023\/07\/WhatsApp-Image-2023-07-22-at-21.34.53-3-225x300.jpeg 225w, https:\/\/www.alajarvenankkurit.fi\/yleisurheilu\/wp-content\/uploads\/sites\/2\/2023\/07\/WhatsApp-Image-2023-07-22-at-21.34.53-3-768x1024.jpeg 768w, https:\/\/www.alajarvenankkurit.fi\/yleisurheilu\/wp-content\/uploads\/sites\/2\/2023\/07\/WhatsApp-Image-2023-07-22-at-21.34.53-3-1152x1536.jpeg 1152w\" sizes=\"auto, (max-width: 767px) 89vw, (max-width: 1000px) 54vw, (max-width: 1071px) 543px, 580px\" \/><figcaption class=\"wp-element-caption\">Aadalle pronssia<\/figcaption><\/figure>\n\n\n\n<figure class=\"wp-block-image size-large\"><img loading=\"lazy\" decoding=\"async\" width=\"1536\" height=\"2048\" data-id=\"5652\" src=\"https:\/\/www.alajarvenankkurit.fi\/yleisurheilu\/wp-content\/uploads\/sites\/2\/2023\/07\/Emma_Olga.jpeg\" alt=\"\" class=\"wp-image-5652\" srcset=\"https:\/\/www.alajarvenankkurit.fi\/yleisurheilu\/wp-content\/uploads\/sites\/2\/2023\/07\/Emma_Olga.jpeg 1536w, https:\/\/www.alajarvenankkurit.fi\/yleisurheilu\/wp-content\/uploads\/sites\/2\/2023\/07\/Emma_Olga-225x300.jpeg 225w, https:\/\/www.alajarvenankkurit.fi\/yleisurheilu\/wp-content\/uploads\/sites\/2\/2023\/07\/Emma_Olga-768x1024.jpeg 768w, https:\/\/www.alajarvenankkurit.fi\/yleisurheilu\/wp-content\/uploads\/sites\/2\/2023\/07\/Emma_Olga-1152x1536.jpeg 1152w\" sizes=\"auto, (max-width: 767px) 89vw, (max-width: 1000px) 54vw, (max-width: 1071px) 543px, 580px\" \/><figcaption class=\"wp-element-caption\">T13 Emma ja Olga<\/figcaption><\/figure>\n\n\n\n<figure class=\"wp-block-image size-large\"><img loading=\"lazy\" decoding=\"async\" width=\"1536\" height=\"2048\" data-id=\"5651\" src=\"https:\/\/www.alajarvenankkurit.fi\/yleisurheilu\/wp-content\/uploads\/sites\/2\/2023\/07\/Hilda_Ellen_T9.jpeg\" alt=\"\" class=\"wp-image-5651\" srcset=\"https:\/\/www.alajarvenankkurit.fi\/yleisurheilu\/wp-content\/uploads\/sites\/2\/2023\/07\/Hilda_Ellen_T9.jpeg 1536w, https:\/\/www.alajarvenankkurit.fi\/yleisurheilu\/wp-content\/uploads\/sites\/2\/2023\/07\/Hilda_Ellen_T9-225x300.jpeg 225w, https:\/\/www.alajarvenankkurit.fi\/yleisurheilu\/wp-content\/uploads\/sites\/2\/2023\/07\/Hilda_Ellen_T9-768x1024.jpeg 768w, https:\/\/www.alajarvenankkurit.fi\/yleisurheilu\/wp-content\/uploads\/sites\/2\/2023\/07\/Hilda_Ellen_T9-1152x1536.jpeg 1152w\" sizes=\"auto, (max-width: 767px) 89vw, (max-width: 1000px) 54vw, (max-width: 1071px) 543px, 580px\" \/><figcaption class=\"wp-element-caption\">T9 Hilda ja Ellen<\/figcaption><\/figure>\n<\/figure>\n","protected":false},"excerpt":{"rendered":"<p>T\u00e4m\u00e4n vuoden Sisuhuipentuma kilpailtiin 22.-23.7.2023 Kurikassa, jossa noin 350 sisuik\u00e4ist\u00e4 (9-15v) taisteli Etel\u00e4-Pohjanmaan piirinmestaruusmitaleista. Ankkureista oli monen yhteensattuman vuoksi mukaan saatu vain pieni joukkue, mutta 9 urheilijaa suorittivat kuitenkin useampia lajeja. He tekiv\u00e4t 26 lajisuorituksessa kaikkiaan 12 omaa enn\u00e4tyst\u00e4 ja toivat 5 mitalin lis\u00e4ksi 9 sisupistesijaa. Sisupisteit\u00e4 urheilijat ker\u00e4\u00e4v\u00e4t sijoista 1-6. Monen viime vuoden tapaan &hellip; <\/p>\n<p class=\"link-more\"><a href=\"https:\/\/www.alajarvenankkurit.fi\/yleisurheilu\/tuloksia\/2023\/sisuhuipentuma-2023-hanna-ja-aada-mitaleille\/\" class=\"more-link\">Jatka lukemista<span class=\"screen-reader-text\"> &#8221;Sisuhuipentuma 2023 &#8211; Hanna ja Aada mitaleille!&#8221;<\/span><\/a><\/p>\n","protected":false},"author":5,"featured_media":0,"comment_status":"closed","ping_status":"open","sticky":false,"template":"","format":"standard","meta":{"footnotes":""},"categories":[46],"tags":[],"class_list":["post-5650","post","type-post","status-publish","format-standard","hentry","category-46"],"_links":{"self":[{"href":"https:\/\/www.alajarvenankkurit.fi\/yleisurheilu\/wp-json\/wp\/v2\/posts\/5650","targetHints":{"allow":["GET"]}}],"collection":[{"href":"https:\/\/www.alajarvenankkurit.fi\/yleisurheilu\/wp-json\/wp\/v2\/posts"}],"about":[{"href":"https:\/\/www.alajarvenankkurit.fi\/yleisurheilu\/wp-json\/wp\/v2\/types\/post"}],"author":[{"embeddable":true,"href":"https:\/\/www.alajarvenankkurit.fi\/yleisurheilu\/wp-json\/wp\/v2\/users\/5"}],"replies":[{"embeddable":true,"href":"https:\/\/www.alajarvenankkurit.fi\/yleisurheilu\/wp-json\/wp\/v2\/comments?post=5650"}],"version-history":[{"count":4,"href":"https:\/\/www.alajarvenankkurit.fi\/yleisurheilu\/wp-json\/wp\/v2\/posts\/5650\/revisions"}],"predecessor-version":[{"id":5657,"href":"https:\/\/www.alajarvenankkurit.fi\/yleisurheilu\/wp-json\/wp\/v2\/posts\/5650\/revisions\/5657"}],"wp:attachment":[{"href":"https:\/\/www.alajarvenankkurit.fi\/yleisurheilu\/wp-json\/wp\/v2\/media?parent=5650"}],"wp:term":[{"taxonomy":"category","embeddable":true,"href":"https:\/\/www.alajarvenankkurit.fi\/yleisurheilu\/wp-json\/wp\/v2\/categories?post=5650"},{"taxonomy":"post_tag","embeddable":true,"href":"https:\/\/www.alajarvenankkurit.fi\/yleisurheilu\/wp-json\/wp\/v2\/tags?post=5650"}],"curies":[{"name":"wp","href":"https:\/\/api.w.org\/{rel}","templated":true}]}}