{"id":5626,"date":"2023-07-18T22:48:36","date_gmt":"2023-07-18T19:48:36","guid":{"rendered":"https:\/\/www.alajarvenankkurit.fi\/yleisurheilu\/?p=5626"},"modified":"2023-07-18T22:48:37","modified_gmt":"2023-07-18T19:48:37","slug":"kesan-2023-viimeiset-viikkokisat","status":"publish","type":"post","link":"https:\/\/www.alajarvenankkurit.fi\/yleisurheilu\/tuloksia\/2023\/viikkokisat-2023\/kesan-2023-viimeiset-viikkokisat\/","title":{"rendered":"Kes\u00e4n 2023 viimeiset viikkokisat"},"content":{"rendered":"\n<p>Kun edellinen viikkokisa peruttiin kovan sateen takia, niin viimeisell\u00e4 kerralla 17.7.2023 oli j\u00e4lleen mainio kes\u00e4s\u00e4\u00e4. Kisattavana oli pikajuoksun lis\u00e4ksi useita lajeja: keih\u00e4s (13v), korkeus (11v), pituus (9v) ja pallonheitto (7v). Tulokset alla olevasta linkist\u00e4. <\/p>\n\n\n\n<div class=\"wp-block-file\"><a id=\"wp-block-file--media-4c71926b-39b2-4ef7-b795-f5622a491d7f\" href=\"https:\/\/www.alajarvenankkurit.fi\/yleisurheilu\/wp-content\/uploads\/sites\/2\/2023\/07\/20230717_Viikkokisat_tulokset.pdf\">20230717_Viikkokisat_tulokset<\/a><a href=\"https:\/\/www.alajarvenankkurit.fi\/yleisurheilu\/wp-content\/uploads\/sites\/2\/2023\/07\/20230717_Viikkokisat_tulokset.pdf\" class=\"wp-block-file__button wp-element-button\" download aria-describedby=\"wp-block-file--media-4c71926b-39b2-4ef7-b795-f5622a491d7f\">Lataa<\/a><\/div>\n\n\n\n<p>Reippaita kisailijoita oli t\u00e4ll\u00e4 kertaa 59 ja lopuksi ojennettiin Ahkeran Urheilijan diplomit kaikille kolmen viikkokisan k\u00e4yneille. Heit\u00e4 oli kaikkiaan 29, joista osa ehti l\u00e4hte\u00e4 diplomiaan saamatta (voi noutaa omansa esim. yu-kouluiltana 19.7. tai  26.7. kent\u00e4n toimistosta). Kes\u00e4n aikana urheilijat ker\u00e4siv\u00e4t sijoituksen perusteella annettuja CUP-pisteit\u00e4 osallistumalla molempiin lajeihin ja viimeisen kerran p\u00e4\u00e4tteeksi palkittiin jokaisen ik\u00e4ryhm\u00e4n parhaat komealla pokaalilla: <strong>Minttu-Maaria Huttula<\/strong> (T5), <strong>Kaapo Savela <\/strong>(P5), <strong>Olivia Hietam\u00e4ki<\/strong> (T7), <strong>Miki Vuorinen<\/strong> (P7), <strong>Hilda Turja<\/strong> (T9), <strong>Samu Vuorinen<\/strong> (P9), <strong>Hilja Herrala<\/strong> (T11),<strong> Nelly Sillanp\u00e4\u00e4<\/strong> (T13) ja <strong>Kasper Huttula<\/strong> (P13). Onnittelut voittajille! <\/p>\n\n\n\n<p>Kaikkien viikkokisojen tulokset, tarinat ja kuvat l\u00f6ytyv\u00e4t t\u00e4st\u00e4 linkist\u00e4 (<a href=\"https:\/\/www.alajarvenankkurit.fi\/yleisurheilu\/category\/tuloksia\/2023\/viikkokisat-2023\/\">Viikkokisat 2023 arkistot &#8211; Alaj\u00e4rven Ankkurit \/ Yleisurheilu (alajarvenankkurit.fi)<\/a>). Lopullinen CUP-taulukko ladattavissa alla olevista linkist\u00e4. Kiitos kaikille kisaajille, huoltajille ja toimitsijoille! Toivottavasti n\u00e4emme viikkokisojen parissa Ankkurikent\u00e4ll\u00e4 taas ensi kes\u00e4n\u00e4!<\/p>\n\n\n\n<div class=\"wp-block-file\"><a id=\"wp-block-file--media-950b9851-756a-4243-8df5-4a96b5d3eb17\" href=\"https:\/\/www.alajarvenankkurit.fi\/yleisurheilu\/wp-content\/uploads\/sites\/2\/2023\/07\/Viikkokisat_CUP_2023_lopullinen.pdf\">Viikkokisat_CUP_2023_lopullinen<\/a><a href=\"https:\/\/www.alajarvenankkurit.fi\/yleisurheilu\/wp-content\/uploads\/sites\/2\/2023\/07\/Viikkokisat_CUP_2023_lopullinen.pdf\" class=\"wp-block-file__button wp-element-button\" download aria-describedby=\"wp-block-file--media-950b9851-756a-4243-8df5-4a96b5d3eb17\">Lataa<\/a><\/div>\n\n\n\n<figure class=\"wp-block-gallery has-nested-images columns-2 is-cropped wp-block-gallery-1 is-layout-flex wp-block-gallery-is-layout-flex\">\n<figure class=\"wp-block-image size-large\"><img loading=\"lazy\" decoding=\"async\" width=\"2000\" height=\"1500\" data-id=\"5630\" src=\"https:\/\/www.alajarvenankkurit.fi\/yleisurheilu\/wp-content\/uploads\/sites\/2\/2023\/07\/WhatsApp-Image-2023-07-18-at-22.35.35.jpeg\" alt=\"\" class=\"wp-image-5630\" srcset=\"https:\/\/www.alajarvenankkurit.fi\/yleisurheilu\/wp-content\/uploads\/sites\/2\/2023\/07\/WhatsApp-Image-2023-07-18-at-22.35.35.jpeg 2000w, https:\/\/www.alajarvenankkurit.fi\/yleisurheilu\/wp-content\/uploads\/sites\/2\/2023\/07\/WhatsApp-Image-2023-07-18-at-22.35.35-300x225.jpeg 300w, https:\/\/www.alajarvenankkurit.fi\/yleisurheilu\/wp-content\/uploads\/sites\/2\/2023\/07\/WhatsApp-Image-2023-07-18-at-22.35.35-768x576.jpeg 768w, https:\/\/www.alajarvenankkurit.fi\/yleisurheilu\/wp-content\/uploads\/sites\/2\/2023\/07\/WhatsApp-Image-2023-07-18-at-22.35.35-1536x1152.jpeg 1536w\" sizes=\"auto, (max-width: 767px) 89vw, (max-width: 1000px) 54vw, (max-width: 1071px) 543px, 580px\" \/><figcaption class=\"wp-element-caption\">9v pojat palkintojen jaossa<\/figcaption><\/figure>\n\n\n\n<figure class=\"wp-block-image size-large\"><img loading=\"lazy\" decoding=\"async\" width=\"2000\" height=\"1500\" data-id=\"5631\" src=\"https:\/\/www.alajarvenankkurit.fi\/yleisurheilu\/wp-content\/uploads\/sites\/2\/2023\/07\/WhatsApp-Image-2023-07-18-at-22.35.36-2.jpeg\" alt=\"\" class=\"wp-image-5631\" srcset=\"https:\/\/www.alajarvenankkurit.fi\/yleisurheilu\/wp-content\/uploads\/sites\/2\/2023\/07\/WhatsApp-Image-2023-07-18-at-22.35.36-2.jpeg 2000w, https:\/\/www.alajarvenankkurit.fi\/yleisurheilu\/wp-content\/uploads\/sites\/2\/2023\/07\/WhatsApp-Image-2023-07-18-at-22.35.36-2-300x225.jpeg 300w, https:\/\/www.alajarvenankkurit.fi\/yleisurheilu\/wp-content\/uploads\/sites\/2\/2023\/07\/WhatsApp-Image-2023-07-18-at-22.35.36-2-768x576.jpeg 768w, https:\/\/www.alajarvenankkurit.fi\/yleisurheilu\/wp-content\/uploads\/sites\/2\/2023\/07\/WhatsApp-Image-2023-07-18-at-22.35.36-2-1536x1152.jpeg 1536w\" sizes=\"auto, (max-width: 767px) 89vw, (max-width: 1000px) 54vw, (max-width: 1071px) 543px, 580px\" \/><figcaption class=\"wp-element-caption\">7v tyt\u00f6t l\u00e4ht\u00f6kuopissa<\/figcaption><\/figure>\n\n\n\n<figure class=\"wp-block-image size-large\"><img loading=\"lazy\" decoding=\"async\" width=\"2000\" height=\"1500\" data-id=\"5629\" src=\"https:\/\/www.alajarvenankkurit.fi\/yleisurheilu\/wp-content\/uploads\/sites\/2\/2023\/07\/WhatsApp-Image-2023-07-18-at-22.35.36-3.jpeg\" alt=\"\" class=\"wp-image-5629\" srcset=\"https:\/\/www.alajarvenankkurit.fi\/yleisurheilu\/wp-content\/uploads\/sites\/2\/2023\/07\/WhatsApp-Image-2023-07-18-at-22.35.36-3.jpeg 2000w, https:\/\/www.alajarvenankkurit.fi\/yleisurheilu\/wp-content\/uploads\/sites\/2\/2023\/07\/WhatsApp-Image-2023-07-18-at-22.35.36-3-300x225.jpeg 300w, https:\/\/www.alajarvenankkurit.fi\/yleisurheilu\/wp-content\/uploads\/sites\/2\/2023\/07\/WhatsApp-Image-2023-07-18-at-22.35.36-3-768x576.jpeg 768w, https:\/\/www.alajarvenankkurit.fi\/yleisurheilu\/wp-content\/uploads\/sites\/2\/2023\/07\/WhatsApp-Image-2023-07-18-at-22.35.36-3-1536x1152.jpeg 1536w\" sizes=\"auto, (max-width: 767px) 89vw, (max-width: 1000px) 54vw, (max-width: 1071px) 543px, 580px\" \/><figcaption class=\"wp-element-caption\">7-vuotiaat pallonheitossa<\/figcaption><\/figure>\n<\/figure>\n","protected":false},"excerpt":{"rendered":"<p>Kun edellinen viikkokisa peruttiin kovan sateen takia, niin viimeisell\u00e4 kerralla 17.7.2023 oli j\u00e4lleen mainio kes\u00e4s\u00e4\u00e4. Kisattavana oli pikajuoksun lis\u00e4ksi useita lajeja: keih\u00e4s (13v), korkeus (11v), pituus (9v) ja pallonheitto (7v). Tulokset alla olevasta linkist\u00e4. Reippaita kisailijoita oli t\u00e4ll\u00e4 kertaa 59 ja lopuksi ojennettiin Ahkeran Urheilijan diplomit kaikille kolmen viikkokisan k\u00e4yneille. Heit\u00e4 oli kaikkiaan 29, joista &hellip; <\/p>\n<p class=\"link-more\"><a href=\"https:\/\/www.alajarvenankkurit.fi\/yleisurheilu\/tuloksia\/2023\/viikkokisat-2023\/kesan-2023-viimeiset-viikkokisat\/\" class=\"more-link\">Jatka lukemista<span class=\"screen-reader-text\"> &#8221;Kes\u00e4n 2023 viimeiset viikkokisat&#8221;<\/span><\/a><\/p>\n","protected":false},"author":5,"featured_media":0,"comment_status":"closed","ping_status":"open","sticky":false,"template":"","format":"standard","meta":{"footnotes":""},"categories":[48],"tags":[],"class_list":["post-5626","post","type-post","status-publish","format-standard","hentry","category-viikkokisat-2023"],"_links":{"self":[{"href":"https:\/\/www.alajarvenankkurit.fi\/yleisurheilu\/wp-json\/wp\/v2\/posts\/5626","targetHints":{"allow":["GET"]}}],"collection":[{"href":"https:\/\/www.alajarvenankkurit.fi\/yleisurheilu\/wp-json\/wp\/v2\/posts"}],"about":[{"href":"https:\/\/www.alajarvenankkurit.fi\/yleisurheilu\/wp-json\/wp\/v2\/types\/post"}],"author":[{"embeddable":true,"href":"https:\/\/www.alajarvenankkurit.fi\/yleisurheilu\/wp-json\/wp\/v2\/users\/5"}],"replies":[{"embeddable":true,"href":"https:\/\/www.alajarvenankkurit.fi\/yleisurheilu\/wp-json\/wp\/v2\/comments?post=5626"}],"version-history":[{"count":1,"href":"https:\/\/www.alajarvenankkurit.fi\/yleisurheilu\/wp-json\/wp\/v2\/posts\/5626\/revisions"}],"predecessor-version":[{"id":5632,"href":"https:\/\/www.alajarvenankkurit.fi\/yleisurheilu\/wp-json\/wp\/v2\/posts\/5626\/revisions\/5632"}],"wp:attachment":[{"href":"https:\/\/www.alajarvenankkurit.fi\/yleisurheilu\/wp-json\/wp\/v2\/media?parent=5626"}],"wp:term":[{"taxonomy":"category","embeddable":true,"href":"https:\/\/www.alajarvenankkurit.fi\/yleisurheilu\/wp-json\/wp\/v2\/categories?post=5626"},{"taxonomy":"post_tag","embeddable":true,"href":"https:\/\/www.alajarvenankkurit.fi\/yleisurheilu\/wp-json\/wp\/v2\/tags?post=5626"}],"curies":[{"name":"wp","href":"https:\/\/api.w.org\/{rel}","templated":true}]}}