{"id":5562,"date":"2023-07-04T20:44:33","date_gmt":"2023-07-04T17:44:33","guid":{"rendered":"https:\/\/www.alajarvenankkurit.fi\/yleisurheilu\/?p=5562"},"modified":"2023-07-04T20:44:34","modified_gmt":"2023-07-04T17:44:34","slug":"karnevaalihuumaa-2023-aleksi-lunasti-em-kisalipun","status":"publish","type":"post","link":"https:\/\/www.alajarvenankkurit.fi\/yleisurheilu\/tuloksia\/2023\/karnevaalihuumaa-2023-aleksi-lunasti-em-kisalipun\/","title":{"rendered":"Karnevaalihuumaa 2023 &#8211; Aleksi lunasti EM-kisalipun!"},"content":{"rendered":"\n<p>Yleisurheilun perinteisi\u00e4 karnevaalikisoja j\u00e4rjestettiin j\u00e4lleen kes\u00e4-hein\u00e4kuun vaihteessa. Ankkurien urheilijat osallistuivat eri lajien kilpailuihin hyv\u00e4ll\u00e4 menestyksell\u00e4 ja useat enn\u00e4tyksi\u00e4\u00e4n parantaen. Osa urheilijoista osallistui my\u00f6s kilpailujen yhteydess\u00e4 j\u00e4rjestett\u00e4viin lajileireihin, joissa treenataan ja hiotaan lajin yksityiskohtia sek\u00e4 tutustutaan muihin saman lajin urheilijoihin. \u00a0Lajikarnevaalit ovatkin kilpailujen lis\u00e4ksi erinomainen \u00a0leiritys- ja koulutustapahtuma niin urheilijoille, vanhemmille kuin seurojen ohjaajille ja valmentajille.<\/p>\n\n\n\n<p>Pihtiputaan keih\u00e4skarnevaalien miesten p\u00e4\u00e4kilpailun panoksena oli maineikkaan kilpailun palkintojen lis\u00e4ksi nuorten (20-22v) EM-kisojen osallistujan paikka. <strong>Aleksi Yli-Mannila<\/strong> voitti t\u00e4m\u00e4n nuorten miesten keskin\u00e4isen kamppailun uudella enn\u00e4tystuloksellaan 77,78 m ja sijoittui miesten kilpailun nelj\u00e4nneksi. Samalla varmistui arvokisoihin valinta jo nelj\u00e4tt\u00e4 kertaa per\u00e4kk\u00e4in. Tosin 17-vuotiaana osallistuminen siirtyi varamiehelle Aleksin loukkaannuttua. Joka toinen vuosi j\u00e4rjestett\u00e4v\u00e4t EM-kisat ovat t\u00e4n\u00e4 vuonna Espoossa 13.-16.7. (Keih\u00e4skarnevaalien tulokset <a href=\"https:\/\/www.tilastopaja.eu\/fi\/db\/tulokset.php?CID=94867\" target=\"_blank\" rel=\"noreferrer noopener\">t\u00e4st\u00e4 Tilastopajan linkist\u00e4<\/a> ja uutinen valinnoista <a href=\"https:\/\/www.yleisurheilu.fi\/uutinen\/suomi-72-urheilijan-joukkueella-alle-23-vuotiaiden-em-kisoihin\/\" target=\"_blank\" rel=\"noreferrer noopener\">t\u00e4ss\u00e4 SUL:in uutisessa<\/a>.)<\/p>\n\n\n\n<p><strong>Viola Takala<\/strong> on ollut alkukes\u00e4n mainiossa juoksukunnossa ja J\u00e4ms\u00e4n kest\u00e4vyysjuoksukarnevaaleilla paranivat omat enn\u00e4tykset kahdella juoksumatkalla. T15-sarjan 2 000 m matkan l\u00e4hes 30v vuoden takainen seuraenn\u00e4tys rikkoutui samalla n\u00e4p\u00e4r\u00e4sti  ja uusi enn\u00e4tys kirjataan nyt 7.05,25 (<a href=\"https:\/\/www.tilastopaja.eu\/fi\/db\/tulokset.php?CID=94848\" target=\"_blank\" rel=\"noreferrer noopener\">linkki tuloksiin<\/a>).  Melkoista kyyti\u00e4 Viola paineli 800 m matkalla ja paransi enn\u00e4tyst\u00e4\u00e4n per\u00e4ti 35 sekuntia ollen nyt 2.20,77 (<a href=\"https:\/\/www.tilastopaja.eu\/fi\/db\/tulokset.php?CID=94830#N90\" target=\"_blank\" rel=\"noreferrer noopener\">linkki tuloksiin<\/a>). T\u00e4ll\u00e4 ajalla h\u00e4n sijoittui ik\u00e4sarjassaan upeasti toiseksi. Violan uudet enn\u00e4tysajat alittavat my\u00f6s 14-15v SM-kisoihin vaadittavan A-rajan!  <strong>Antti Iham\u00e4ki <\/strong>osallistui kest\u00e4vyysjuoksukarnevaaleille ennen kaikkea luennoitsijana esitellen graduaan (keskimatkan juoksijan voimaharjoittelu) valmentajille ja juoksijoille. H\u00e4n osallistui my\u00f6s 10 000 metrin kilpailuun (<a href=\"https:\/\/www.tilastopaja.eu\/fi\/db\/tulokset.php?CID=94848\" target=\"_blank\" rel=\"noreferrer noopener\">linkki tuloksiin<\/a>), jossa h\u00e4n paransi omaa ja seuran enn\u00e4tyst\u00e4 lukemiin 29.28,03. <\/p>\n\n\n\n<p><strong>Juhana Karjanlahti<\/strong> paransi omaa ja samalla Ankkureiden seuraenn\u00e4tyst\u00e4 j\u00e4lleen seuraavalle metriluvulle. Komealla tuloksellaan 67,08 h\u00e4n sijoittui Kaustisen moukarikarnevaalien p\u00e4\u00e4kilpailun (<a href=\"https:\/\/www.tilastopaja.eu\/fi\/db\/tulokset.php?CID=94837\" target=\"_blank\" rel=\"noreferrer noopener\">linkki tuloksiin<\/a>) viidennelle sijalle. <strong>Hanna Siiril\u00e4<\/strong> voitti T15-sarjan (3 kg) j\u00e4nnitt\u00e4v\u00e4n kilpailun (<a href=\"https:\/\/www.tilastopaja.eu\/fi\/db\/tulokset.php?CID=94802\" target=\"_blank\" rel=\"noreferrer noopener\">linkki tuloksiin<\/a>) upealla tuloksella 53,06. <\/p>\n\n\n\n<figure class=\"wp-block-gallery has-nested-images columns-default is-cropped wp-block-gallery-1 is-layout-flex wp-block-gallery-is-layout-flex\">\n<figure class=\"wp-block-image size-large\"><img loading=\"lazy\" decoding=\"async\" width=\"1500\" height=\"2000\" data-id=\"5564\" src=\"https:\/\/www.alajarvenankkurit.fi\/yleisurheilu\/wp-content\/uploads\/sites\/2\/2023\/07\/Aleksi_02072023.jpeg\" alt=\"\" class=\"wp-image-5564\" srcset=\"https:\/\/www.alajarvenankkurit.fi\/yleisurheilu\/wp-content\/uploads\/sites\/2\/2023\/07\/Aleksi_02072023.jpeg 1500w, https:\/\/www.alajarvenankkurit.fi\/yleisurheilu\/wp-content\/uploads\/sites\/2\/2023\/07\/Aleksi_02072023-225x300.jpeg 225w, https:\/\/www.alajarvenankkurit.fi\/yleisurheilu\/wp-content\/uploads\/sites\/2\/2023\/07\/Aleksi_02072023-768x1024.jpeg 768w, https:\/\/www.alajarvenankkurit.fi\/yleisurheilu\/wp-content\/uploads\/sites\/2\/2023\/07\/Aleksi_02072023-1152x1536.jpeg 1152w\" sizes=\"auto, (max-width: 767px) 89vw, (max-width: 1000px) 54vw, (max-width: 1071px) 543px, 580px\" \/><figcaption class=\"wp-element-caption\">Aleksi Yli-Mannila<\/figcaption><\/figure>\n\n\n\n<figure class=\"wp-block-image size-large\"><img loading=\"lazy\" decoding=\"async\" width=\"768\" height=\"1024\" data-id=\"5565\" src=\"https:\/\/www.alajarvenankkurit.fi\/yleisurheilu\/wp-content\/uploads\/sites\/2\/2023\/07\/Viola_800m.jpeg\" alt=\"\" class=\"wp-image-5565\" srcset=\"https:\/\/www.alajarvenankkurit.fi\/yleisurheilu\/wp-content\/uploads\/sites\/2\/2023\/07\/Viola_800m.jpeg 768w, https:\/\/www.alajarvenankkurit.fi\/yleisurheilu\/wp-content\/uploads\/sites\/2\/2023\/07\/Viola_800m-225x300.jpeg 225w\" sizes=\"auto, (max-width: 767px) 89vw, (max-width: 1000px) 54vw, (max-width: 1071px) 543px, 580px\" \/><figcaption class=\"wp-element-caption\">Viola Takala<\/figcaption><\/figure>\n<\/figure>\n","protected":false},"excerpt":{"rendered":"<p>Yleisurheilun perinteisi\u00e4 karnevaalikisoja j\u00e4rjestettiin j\u00e4lleen kes\u00e4-hein\u00e4kuun vaihteessa. Ankkurien urheilijat osallistuivat eri lajien kilpailuihin hyv\u00e4ll\u00e4 menestyksell\u00e4 ja useat enn\u00e4tyksi\u00e4\u00e4n parantaen. Osa urheilijoista osallistui my\u00f6s kilpailujen yhteydess\u00e4 j\u00e4rjestett\u00e4viin lajileireihin, joissa treenataan ja hiotaan lajin yksityiskohtia sek\u00e4 tutustutaan muihin saman lajin urheilijoihin. \u00a0Lajikarnevaalit ovatkin kilpailujen lis\u00e4ksi erinomainen \u00a0leiritys- ja koulutustapahtuma niin urheilijoille, vanhemmille kuin seurojen ohjaajille ja valmentajille. &hellip; <\/p>\n<p class=\"link-more\"><a href=\"https:\/\/www.alajarvenankkurit.fi\/yleisurheilu\/tuloksia\/2023\/karnevaalihuumaa-2023-aleksi-lunasti-em-kisalipun\/\" class=\"more-link\">Jatka lukemista<span class=\"screen-reader-text\"> &#8221;Karnevaalihuumaa 2023 &#8211; Aleksi lunasti EM-kisalipun!&#8221;<\/span><\/a><\/p>\n","protected":false},"author":5,"featured_media":0,"comment_status":"closed","ping_status":"open","sticky":false,"template":"","format":"standard","meta":{"footnotes":""},"categories":[46],"tags":[],"class_list":["post-5562","post","type-post","status-publish","format-standard","hentry","category-46"],"_links":{"self":[{"href":"https:\/\/www.alajarvenankkurit.fi\/yleisurheilu\/wp-json\/wp\/v2\/posts\/5562","targetHints":{"allow":["GET"]}}],"collection":[{"href":"https:\/\/www.alajarvenankkurit.fi\/yleisurheilu\/wp-json\/wp\/v2\/posts"}],"about":[{"href":"https:\/\/www.alajarvenankkurit.fi\/yleisurheilu\/wp-json\/wp\/v2\/types\/post"}],"author":[{"embeddable":true,"href":"https:\/\/www.alajarvenankkurit.fi\/yleisurheilu\/wp-json\/wp\/v2\/users\/5"}],"replies":[{"embeddable":true,"href":"https:\/\/www.alajarvenankkurit.fi\/yleisurheilu\/wp-json\/wp\/v2\/comments?post=5562"}],"version-history":[{"count":2,"href":"https:\/\/www.alajarvenankkurit.fi\/yleisurheilu\/wp-json\/wp\/v2\/posts\/5562\/revisions"}],"predecessor-version":[{"id":5566,"href":"https:\/\/www.alajarvenankkurit.fi\/yleisurheilu\/wp-json\/wp\/v2\/posts\/5562\/revisions\/5566"}],"wp:attachment":[{"href":"https:\/\/www.alajarvenankkurit.fi\/yleisurheilu\/wp-json\/wp\/v2\/media?parent=5562"}],"wp:term":[{"taxonomy":"category","embeddable":true,"href":"https:\/\/www.alajarvenankkurit.fi\/yleisurheilu\/wp-json\/wp\/v2\/categories?post=5562"},{"taxonomy":"post_tag","embeddable":true,"href":"https:\/\/www.alajarvenankkurit.fi\/yleisurheilu\/wp-json\/wp\/v2\/tags?post=5562"}],"curies":[{"name":"wp","href":"https:\/\/api.w.org\/{rel}","templated":true}]}}