{"id":5538,"date":"2023-06-28T14:08:36","date_gmt":"2023-06-28T11:08:36","guid":{"rendered":"https:\/\/www.alajarvenankkurit.fi\/yleisurheilu\/?p=5538"},"modified":"2023-06-28T14:10:37","modified_gmt":"2023-06-28T11:10:37","slug":"suomenselan-kisat-27-6-2023-ankkurikentalla","status":"publish","type":"post","link":"https:\/\/www.alajarvenankkurit.fi\/yleisurheilu\/tuloksia\/2023\/suomenselan-kisat-27-6-2023-ankkurikentalla\/","title":{"rendered":"Suomensel\u00e4n kisat 27.6.2023 Ankkurikent\u00e4ll\u00e4"},"content":{"rendered":"\n<p>Suomensel\u00e4n seurojen kisasarjan kilpailussa kisasi 94 i\u00e4lt\u00e4\u00e4n 9-19 -vuotiasta urheilijaa, jotka tekiv\u00e4t 171 lajisuorituksessa huikean m\u00e4\u00e4r\u00e4n omia enn\u00e4tyksi\u00e4. Synk\u00e4t pilvet kiersiv\u00e4t Ankkurikent\u00e4n ja kisat voitiin vied\u00e4 l\u00e4pi mainiossa kes\u00e4s\u00e4\u00e4ss\u00e4. Mukana oli 23 ankkurilaista, mutta suurella joukkueella oli kisaamaan l\u00e4hdetty my\u00f6s \u00c4ht\u00e4rist\u00e4, Lapualta ja Alavudelta. Kaikkiaan osallistuneita seuroja oli 20, joista kaukaisimmat Helsingist\u00e4 ja Himangalta sek\u00e4 Pohjanmaan rannikon seuroista. Pituushyppypaikan tuulimittarihaasteita lukuun ottamatta kaikki sujui mainiosti. Suuret kiitokset kaikille urheilijoille, huoltajille ja erityisesti toimitsijoille! Kaikki tulokset l\u00f6ytyv\u00e4t Tilastopajasta (<a href=\"https:\/\/www.tilastopaja.eu\/fi\/db\/tulokset.php?CID=94756\" target=\"_blank\" rel=\"noreferrer noopener\">linkki<\/a>).<\/p>\n\n\n\n<p>Ankkurilaisten tuloksista mainittakoon P13 keih\u00e4\u00e4n ylivoimainen kaksoisvoitto. <strong>Kasper Humalajoki<\/strong> ja <strong>Joona Kangastupa<\/strong> ovat parannelleet tuloksiaan reilusti ja Kasperin t\u00e4m\u00e4nkertainen enn\u00e4tystulos 47,74 nousi jo viidenneksi ik\u00e4luokan t\u00e4m\u00e4n vuoden valtakunnan tilastossa.<strong> Katariina Lepp\u00e4aho<\/strong>n mainio 400 m aitajuoksun aika 68,37 on 16-vuotiaiden tilastossa t\u00e4ll\u00e4 hetkell\u00e4 kolmannella sijalla! <strong>Sara Vuorela<\/strong>n uusi komea keih\u00e4senn\u00e4tys kirjataan lukemaan 40,23 (500g keih\u00e4s) ja se sijoittuu tilastossa niinik\u00e4\u00e4n sijalle kolme!<\/p>\n\n\n\n<figure class=\"wp-block-gallery has-nested-images columns-default is-cropped wp-block-gallery-1 is-layout-flex wp-block-gallery-is-layout-flex\">\n<figure class=\"wp-block-image size-large\"><img loading=\"lazy\" decoding=\"async\" width=\"2048\" height=\"1536\" data-id=\"5539\" src=\"https:\/\/www.alajarvenankkurit.fi\/yleisurheilu\/wp-content\/uploads\/sites\/2\/2023\/06\/WhatsApp-Image-2023-06-27-at-20.36.32-3.jpeg\" alt=\"\" class=\"wp-image-5539\" srcset=\"https:\/\/www.alajarvenankkurit.fi\/yleisurheilu\/wp-content\/uploads\/sites\/2\/2023\/06\/WhatsApp-Image-2023-06-27-at-20.36.32-3.jpeg 2048w, https:\/\/www.alajarvenankkurit.fi\/yleisurheilu\/wp-content\/uploads\/sites\/2\/2023\/06\/WhatsApp-Image-2023-06-27-at-20.36.32-3-300x225.jpeg 300w, https:\/\/www.alajarvenankkurit.fi\/yleisurheilu\/wp-content\/uploads\/sites\/2\/2023\/06\/WhatsApp-Image-2023-06-27-at-20.36.32-3-768x576.jpeg 768w, https:\/\/www.alajarvenankkurit.fi\/yleisurheilu\/wp-content\/uploads\/sites\/2\/2023\/06\/WhatsApp-Image-2023-06-27-at-20.36.32-3-1536x1152.jpeg 1536w\" sizes=\"auto, (max-width: 767px) 89vw, (max-width: 1000px) 54vw, (max-width: 1071px) 543px, 580px\" \/><figcaption class=\"wp-element-caption\">T11 tonnilla Linnea hopealla<\/figcaption><\/figure>\n\n\n\n<figure class=\"wp-block-image size-large\"><img loading=\"lazy\" decoding=\"async\" width=\"2048\" height=\"1536\" data-id=\"5540\" src=\"https:\/\/www.alajarvenankkurit.fi\/yleisurheilu\/wp-content\/uploads\/sites\/2\/2023\/06\/WhatsApp-Image-2023-06-27-at-20.36.35.jpeg\" alt=\"\" class=\"wp-image-5540\" srcset=\"https:\/\/www.alajarvenankkurit.fi\/yleisurheilu\/wp-content\/uploads\/sites\/2\/2023\/06\/WhatsApp-Image-2023-06-27-at-20.36.35.jpeg 2048w, https:\/\/www.alajarvenankkurit.fi\/yleisurheilu\/wp-content\/uploads\/sites\/2\/2023\/06\/WhatsApp-Image-2023-06-27-at-20.36.35-300x225.jpeg 300w, https:\/\/www.alajarvenankkurit.fi\/yleisurheilu\/wp-content\/uploads\/sites\/2\/2023\/06\/WhatsApp-Image-2023-06-27-at-20.36.35-768x576.jpeg 768w, https:\/\/www.alajarvenankkurit.fi\/yleisurheilu\/wp-content\/uploads\/sites\/2\/2023\/06\/WhatsApp-Image-2023-06-27-at-20.36.35-1536x1152.jpeg 1536w\" sizes=\"auto, (max-width: 767px) 89vw, (max-width: 1000px) 54vw, (max-width: 1071px) 543px, 580px\" \/><figcaption class=\"wp-element-caption\">Joona ja Kasperin kaksoisvoitto<\/figcaption><\/figure>\n<\/figure>\n\n\n\n<figure class=\"wp-block-gallery has-nested-images columns-default is-cropped wp-block-gallery-2 is-layout-flex wp-block-gallery-is-layout-flex\">\n<figure class=\"wp-block-image size-large\"><img loading=\"lazy\" decoding=\"async\" width=\"1536\" height=\"2048\" data-id=\"5541\" src=\"https:\/\/www.alajarvenankkurit.fi\/yleisurheilu\/wp-content\/uploads\/sites\/2\/2023\/06\/WhatsApp-Image-2023-06-27-at-20.36.37-1.jpeg\" alt=\"\" class=\"wp-image-5541\" srcset=\"https:\/\/www.alajarvenankkurit.fi\/yleisurheilu\/wp-content\/uploads\/sites\/2\/2023\/06\/WhatsApp-Image-2023-06-27-at-20.36.37-1.jpeg 1536w, https:\/\/www.alajarvenankkurit.fi\/yleisurheilu\/wp-content\/uploads\/sites\/2\/2023\/06\/WhatsApp-Image-2023-06-27-at-20.36.37-1-225x300.jpeg 225w, https:\/\/www.alajarvenankkurit.fi\/yleisurheilu\/wp-content\/uploads\/sites\/2\/2023\/06\/WhatsApp-Image-2023-06-27-at-20.36.37-1-768x1024.jpeg 768w, https:\/\/www.alajarvenankkurit.fi\/yleisurheilu\/wp-content\/uploads\/sites\/2\/2023\/06\/WhatsApp-Image-2023-06-27-at-20.36.37-1-1152x1536.jpeg 1152w\" sizes=\"auto, (max-width: 767px) 89vw, (max-width: 1000px) 54vw, (max-width: 1071px) 543px, 580px\" \/><figcaption class=\"wp-element-caption\">Henri  ja moukarissa PB<\/figcaption><\/figure>\n\n\n\n<figure class=\"wp-block-image size-large\"><img loading=\"lazy\" decoding=\"async\" width=\"2048\" height=\"1536\" data-id=\"5542\" src=\"https:\/\/www.alajarvenankkurit.fi\/yleisurheilu\/wp-content\/uploads\/sites\/2\/2023\/06\/IMG_20230627_182144-2048x1536.jpg\" alt=\"\" class=\"wp-image-5542\" srcset=\"https:\/\/www.alajarvenankkurit.fi\/yleisurheilu\/wp-content\/uploads\/sites\/2\/2023\/06\/IMG_20230627_182144-2048x1536.jpg 2048w, https:\/\/www.alajarvenankkurit.fi\/yleisurheilu\/wp-content\/uploads\/sites\/2\/2023\/06\/IMG_20230627_182144-300x225.jpg 300w, https:\/\/www.alajarvenankkurit.fi\/yleisurheilu\/wp-content\/uploads\/sites\/2\/2023\/06\/IMG_20230627_182144-768x576.jpg 768w, https:\/\/www.alajarvenankkurit.fi\/yleisurheilu\/wp-content\/uploads\/sites\/2\/2023\/06\/IMG_20230627_182144-1536x1152.jpg 1536w\" sizes=\"auto, (max-width: 767px) 89vw, (max-width: 1000px) 54vw, (max-width: 1071px) 543px, 580px\" \/><\/figure>\n<\/figure>\n","protected":false},"excerpt":{"rendered":"<p>Suomensel\u00e4n seurojen kisasarjan kilpailussa kisasi 94 i\u00e4lt\u00e4\u00e4n 9-19 -vuotiasta urheilijaa, jotka tekiv\u00e4t 171 lajisuorituksessa huikean m\u00e4\u00e4r\u00e4n omia enn\u00e4tyksi\u00e4. Synk\u00e4t pilvet kiersiv\u00e4t Ankkurikent\u00e4n ja kisat voitiin vied\u00e4 l\u00e4pi mainiossa kes\u00e4s\u00e4\u00e4ss\u00e4. Mukana oli 23 ankkurilaista, mutta suurella joukkueella oli kisaamaan l\u00e4hdetty my\u00f6s \u00c4ht\u00e4rist\u00e4, Lapualta ja Alavudelta. Kaikkiaan osallistuneita seuroja oli 20, joista kaukaisimmat Helsingist\u00e4 ja Himangalta sek\u00e4 &hellip; <\/p>\n<p class=\"link-more\"><a href=\"https:\/\/www.alajarvenankkurit.fi\/yleisurheilu\/tuloksia\/2023\/suomenselan-kisat-27-6-2023-ankkurikentalla\/\" class=\"more-link\">Jatka lukemista<span class=\"screen-reader-text\"> &#8221;Suomensel\u00e4n kisat 27.6.2023 Ankkurikent\u00e4ll\u00e4&#8221;<\/span><\/a><\/p>\n","protected":false},"author":5,"featured_media":0,"comment_status":"closed","ping_status":"open","sticky":false,"template":"","format":"standard","meta":{"footnotes":""},"categories":[46],"tags":[],"class_list":["post-5538","post","type-post","status-publish","format-standard","hentry","category-46"],"_links":{"self":[{"href":"https:\/\/www.alajarvenankkurit.fi\/yleisurheilu\/wp-json\/wp\/v2\/posts\/5538","targetHints":{"allow":["GET"]}}],"collection":[{"href":"https:\/\/www.alajarvenankkurit.fi\/yleisurheilu\/wp-json\/wp\/v2\/posts"}],"about":[{"href":"https:\/\/www.alajarvenankkurit.fi\/yleisurheilu\/wp-json\/wp\/v2\/types\/post"}],"author":[{"embeddable":true,"href":"https:\/\/www.alajarvenankkurit.fi\/yleisurheilu\/wp-json\/wp\/v2\/users\/5"}],"replies":[{"embeddable":true,"href":"https:\/\/www.alajarvenankkurit.fi\/yleisurheilu\/wp-json\/wp\/v2\/comments?post=5538"}],"version-history":[{"count":3,"href":"https:\/\/www.alajarvenankkurit.fi\/yleisurheilu\/wp-json\/wp\/v2\/posts\/5538\/revisions"}],"predecessor-version":[{"id":5546,"href":"https:\/\/www.alajarvenankkurit.fi\/yleisurheilu\/wp-json\/wp\/v2\/posts\/5538\/revisions\/5546"}],"wp:attachment":[{"href":"https:\/\/www.alajarvenankkurit.fi\/yleisurheilu\/wp-json\/wp\/v2\/media?parent=5538"}],"wp:term":[{"taxonomy":"category","embeddable":true,"href":"https:\/\/www.alajarvenankkurit.fi\/yleisurheilu\/wp-json\/wp\/v2\/categories?post=5538"},{"taxonomy":"post_tag","embeddable":true,"href":"https:\/\/www.alajarvenankkurit.fi\/yleisurheilu\/wp-json\/wp\/v2\/tags?post=5538"}],"curies":[{"name":"wp","href":"https:\/\/api.w.org\/{rel}","templated":true}]}}