{"id":5514,"date":"2023-06-23T14:05:38","date_gmt":"2023-06-23T11:05:38","guid":{"rendered":"https:\/\/www.alajarvenankkurit.fi\/yleisurheilu\/?p=5514"},"modified":"2023-06-23T14:17:51","modified_gmt":"2023-06-23T11:17:51","slug":"seuracup-2023-kaynnistyi-lapuan-piirikisalla","status":"publish","type":"post","link":"https:\/\/www.alajarvenankkurit.fi\/yleisurheilu\/tuloksia\/2023\/seuracup-2023-kaynnistyi-lapuan-piirikisalla\/","title":{"rendered":"Seuracup 2023 k\u00e4ynnistynyt"},"content":{"rendered":"\n<p>Yleisurheiluseurojen valtakunnallinen joukkuekilpailu Pohjola Seuracup k\u00e4ynnistyi ensimm\u00e4isell\u00e4 piirikisalla, joka j\u00e4rjestettiin 20.6.2023 Lapualla (linkki <a href=\"http:\/\/seuracup.tuloslista.com\/list\/A\/\" target=\"_blank\" rel=\"noreferrer noopener\">Seuracup-pistetilanteeseen<\/a> ja tuloksiin <a href=\"https:\/\/www.tilastopaja.eu\/fi\/db\/tulokset.php?CID=94588\" target=\"_blank\" rel=\"noreferrer noopener\">Tilastopajassa<\/a>). Lis\u00e4tietoja Seuracupista t\u00e4\u00e4ll\u00e4: <a href=\"https:\/\/www.alajarvenankkurit.fi\/yleisurheilu\/kilpailutoiminta\/seuracup\/seuracup-2023\/\">Seuracup 2023 &#8211; Alaj\u00e4rven Ankkurit \/ Yleisurheilu (alajarvenankkurit.fi)<\/a>.  Koska Ankkurit ei t\u00e4n\u00e4 vuonna ker\u00e4nnyt varsinaista joukkuetta, niin mukaan oli l\u00e4htenyt vain 6 urheilijaa. Ilahduttavaa oli jokaisen urheilijan omat enn\u00e4tykset yksil\u00f6lajeissaan ja 13-vuotiaiden tytt\u00f6jen mainio aika 4x100m viestiss\u00e4 (1.00,53)! <strong>Kasper Humalajoki<\/strong> ker\u00e4si eniten pisteit\u00e4 P13 keih\u00e4\u00e4st\u00e4 ja hieno tulos 47,03 m nousee Ankkureiden ik\u00e4kausitilastossa kuudennelle sijalle (<a href=\"https:\/\/www.alajarvenankkurit.fi\/yleisurheilu\/tilastot\/\">Tilastot &#8211; Alaj\u00e4rven Ankkurit \/ Yleisurheilu (alajarvenankkurit.fi)<\/a>!<\/p>\n\n\n\n<figure class=\"wp-block-image size-full\"><img loading=\"lazy\" decoding=\"async\" width=\"1536\" height=\"2048\" src=\"https:\/\/www.alajarvenankkurit.fi\/yleisurheilu\/wp-content\/uploads\/sites\/2\/2023\/06\/Seuracup_Nelly_Lumi_Emma_Olga-1.jpeg\" alt=\"\" class=\"wp-image-5515\" srcset=\"https:\/\/www.alajarvenankkurit.fi\/yleisurheilu\/wp-content\/uploads\/sites\/2\/2023\/06\/Seuracup_Nelly_Lumi_Emma_Olga-1.jpeg 1536w, https:\/\/www.alajarvenankkurit.fi\/yleisurheilu\/wp-content\/uploads\/sites\/2\/2023\/06\/Seuracup_Nelly_Lumi_Emma_Olga-1-225x300.jpeg 225w, https:\/\/www.alajarvenankkurit.fi\/yleisurheilu\/wp-content\/uploads\/sites\/2\/2023\/06\/Seuracup_Nelly_Lumi_Emma_Olga-1-768x1024.jpeg 768w, https:\/\/www.alajarvenankkurit.fi\/yleisurheilu\/wp-content\/uploads\/sites\/2\/2023\/06\/Seuracup_Nelly_Lumi_Emma_Olga-1-1152x1536.jpeg 1152w\" sizes=\"auto, (max-width: 767px) 89vw, (max-width: 1000px) 54vw, (max-width: 1071px) 543px, 580px\" \/><figcaption class=\"wp-element-caption\">Nelly, Lumi-Jolanda, Emma ja Olga osallistuivat my\u00f6s 4x100m viestiin.<\/figcaption><\/figure>\n","protected":false},"excerpt":{"rendered":"<p>Yleisurheiluseurojen valtakunnallinen joukkuekilpailu Pohjola Seuracup k\u00e4ynnistyi ensimm\u00e4isell\u00e4 piirikisalla, joka j\u00e4rjestettiin 20.6.2023 Lapualla (linkki Seuracup-pistetilanteeseen ja tuloksiin Tilastopajassa). Lis\u00e4tietoja Seuracupista t\u00e4\u00e4ll\u00e4: Seuracup 2023 &#8211; Alaj\u00e4rven Ankkurit \/ Yleisurheilu (alajarvenankkurit.fi). Koska Ankkurit ei t\u00e4n\u00e4 vuonna ker\u00e4nnyt varsinaista joukkuetta, niin mukaan oli l\u00e4htenyt vain 6 urheilijaa. Ilahduttavaa oli jokaisen urheilijan omat enn\u00e4tykset yksil\u00f6lajeissaan ja 13-vuotiaiden tytt\u00f6jen mainio aika &hellip; <\/p>\n<p class=\"link-more\"><a href=\"https:\/\/www.alajarvenankkurit.fi\/yleisurheilu\/tuloksia\/2023\/seuracup-2023-kaynnistyi-lapuan-piirikisalla\/\" class=\"more-link\">Jatka lukemista<span class=\"screen-reader-text\"> &#8221;Seuracup 2023 k\u00e4ynnistynyt&#8221;<\/span><\/a><\/p>\n","protected":false},"author":5,"featured_media":0,"comment_status":"closed","ping_status":"open","sticky":false,"template":"","format":"standard","meta":{"footnotes":""},"categories":[46],"tags":[],"class_list":["post-5514","post","type-post","status-publish","format-standard","hentry","category-46"],"_links":{"self":[{"href":"https:\/\/www.alajarvenankkurit.fi\/yleisurheilu\/wp-json\/wp\/v2\/posts\/5514","targetHints":{"allow":["GET"]}}],"collection":[{"href":"https:\/\/www.alajarvenankkurit.fi\/yleisurheilu\/wp-json\/wp\/v2\/posts"}],"about":[{"href":"https:\/\/www.alajarvenankkurit.fi\/yleisurheilu\/wp-json\/wp\/v2\/types\/post"}],"author":[{"embeddable":true,"href":"https:\/\/www.alajarvenankkurit.fi\/yleisurheilu\/wp-json\/wp\/v2\/users\/5"}],"replies":[{"embeddable":true,"href":"https:\/\/www.alajarvenankkurit.fi\/yleisurheilu\/wp-json\/wp\/v2\/comments?post=5514"}],"version-history":[{"count":3,"href":"https:\/\/www.alajarvenankkurit.fi\/yleisurheilu\/wp-json\/wp\/v2\/posts\/5514\/revisions"}],"predecessor-version":[{"id":5521,"href":"https:\/\/www.alajarvenankkurit.fi\/yleisurheilu\/wp-json\/wp\/v2\/posts\/5514\/revisions\/5521"}],"wp:attachment":[{"href":"https:\/\/www.alajarvenankkurit.fi\/yleisurheilu\/wp-json\/wp\/v2\/media?parent=5514"}],"wp:term":[{"taxonomy":"category","embeddable":true,"href":"https:\/\/www.alajarvenankkurit.fi\/yleisurheilu\/wp-json\/wp\/v2\/categories?post=5514"},{"taxonomy":"post_tag","embeddable":true,"href":"https:\/\/www.alajarvenankkurit.fi\/yleisurheilu\/wp-json\/wp\/v2\/tags?post=5514"}],"curies":[{"name":"wp","href":"https:\/\/api.w.org\/{rel}","templated":true}]}}