{"id":525,"date":"2019-06-17T14:29:03","date_gmt":"2019-06-17T11:29:03","guid":{"rendered":"http:\/\/212.66.193.72\/~cp4520516\/yleisurheilu\/?p=525"},"modified":"2020-01-06T19:52:34","modified_gmt":"2020-01-06T17:52:34","slug":"viikkokisat-17-6-2019","status":"publish","type":"post","link":"https:\/\/www.alajarvenankkurit.fi\/yleisurheilu\/tuloksia\/2019\/viikkokisat-2019\/viikkokisat-17-6-2019\/","title":{"rendered":"Viikkokisat 17.6.2019"},"content":{"rendered":"\n<p>Kes\u00e4n toiset viikkokisat kisailtiin mainiossa kes\u00e4s\u00e4\u00e4ss\u00e4 63 urheilijan voimin! Alla nyt my\u00f6s cup-tilanne kahden kisan j\u00e4lkeen.<\/p>\n\n\n\n<figure class=\"wp-block-gallery columns-3 is-cropped aligncenter wp-block-gallery-1 is-layout-flex wp-block-gallery-is-layout-flex\"><ul class=\"blocks-gallery-grid\"><li class=\"blocks-gallery-item\"><figure><a href=\"http:\/\/212.66.193.72\/~cp4520516\/yleisurheilu\/wp-content\/uploads\/sites\/2\/2019\/10\/17062019_P11_150m_l\u00e4ht\u00f6.jpeg\"><img loading=\"lazy\" decoding=\"async\" width=\"800\" height=\"450\" src=\"http:\/\/212.66.193.72\/~cp4520516\/yleisurheilu\/wp-content\/uploads\/sites\/2\/2019\/10\/17062019_P11_150m_l\u00e4ht\u00f6.jpeg\" alt=\"\" data-id=\"526\" data-link=\"http:\/\/212.66.193.72\/~cp4520516\/yleisurheilu\/?attachment_id=526\" class=\"wp-image-526\" srcset=\"https:\/\/www.alajarvenankkurit.fi\/yleisurheilu\/wp-content\/uploads\/sites\/2\/2019\/10\/17062019_P11_150m_l\u00e4ht\u00f6.jpeg 800w, https:\/\/www.alajarvenankkurit.fi\/yleisurheilu\/wp-content\/uploads\/sites\/2\/2019\/10\/17062019_P11_150m_l\u00e4ht\u00f6-300x169.jpeg 300w, https:\/\/www.alajarvenankkurit.fi\/yleisurheilu\/wp-content\/uploads\/sites\/2\/2019\/10\/17062019_P11_150m_l\u00e4ht\u00f6-768x432.jpeg 768w\" sizes=\"auto, (max-width: 767px) 89vw, (max-width: 1000px) 54vw, (max-width: 1071px) 543px, 580px\" \/><\/a><figcaption class=\"blocks-gallery-item__caption\">11v poikien 150 m juoksun l\u00e4ht\u00f6hetki<\/figcaption><\/figure><\/li><li class=\"blocks-gallery-item\"><figure><a href=\"http:\/\/212.66.193.72\/~cp4520516\/yleisurheilu\/wp-content\/uploads\/sites\/2\/2019\/10\/17062019_T7_pallo_pieni.jpeg\"><img loading=\"lazy\" decoding=\"async\" width=\"800\" height=\"450\" src=\"http:\/\/212.66.193.72\/~cp4520516\/yleisurheilu\/wp-content\/uploads\/sites\/2\/2019\/10\/17062019_T7_pallo_pieni.jpeg\" alt=\"\" data-id=\"527\" data-link=\"http:\/\/212.66.193.72\/~cp4520516\/yleisurheilu\/?attachment_id=527\" class=\"wp-image-527\" srcset=\"https:\/\/www.alajarvenankkurit.fi\/yleisurheilu\/wp-content\/uploads\/sites\/2\/2019\/10\/17062019_T7_pallo_pieni.jpeg 800w, https:\/\/www.alajarvenankkurit.fi\/yleisurheilu\/wp-content\/uploads\/sites\/2\/2019\/10\/17062019_T7_pallo_pieni-300x169.jpeg 300w, https:\/\/www.alajarvenankkurit.fi\/yleisurheilu\/wp-content\/uploads\/sites\/2\/2019\/10\/17062019_T7_pallo_pieni-768x432.jpeg 768w\" sizes=\"auto, (max-width: 767px) 89vw, (max-width: 1000px) 54vw, (max-width: 1071px) 543px, 580px\" \/><\/a><figcaption class=\"blocks-gallery-item__caption\">7-vuotiaiden pallonheitto menossa<\/figcaption><\/figure><\/li><li class=\"blocks-gallery-item\"><figure><a href=\"http:\/\/212.66.193.72\/~cp4520516\/yleisurheilu\/wp-content\/uploads\/sites\/2\/2019\/10\/P7_pieni.jpg\"><img loading=\"lazy\" decoding=\"async\" width=\"800\" height=\"600\" src=\"http:\/\/212.66.193.72\/~cp4520516\/yleisurheilu\/wp-content\/uploads\/sites\/2\/2019\/10\/P7_pieni.jpg\" alt=\"\" data-id=\"528\" data-link=\"http:\/\/212.66.193.72\/~cp4520516\/yleisurheilu\/?attachment_id=528\" class=\"wp-image-528\" srcset=\"https:\/\/www.alajarvenankkurit.fi\/yleisurheilu\/wp-content\/uploads\/sites\/2\/2019\/10\/P7_pieni.jpg 800w, https:\/\/www.alajarvenankkurit.fi\/yleisurheilu\/wp-content\/uploads\/sites\/2\/2019\/10\/P7_pieni-300x225.jpg 300w, https:\/\/www.alajarvenankkurit.fi\/yleisurheilu\/wp-content\/uploads\/sites\/2\/2019\/10\/P7_pieni-768x576.jpg 768w\" sizes=\"auto, (max-width: 767px) 89vw, (max-width: 1000px) 54vw, (max-width: 1071px) 543px, 580px\" \/><\/a><figcaption class=\"blocks-gallery-item__caption\">7-vuotiaat reippaat pojat<\/figcaption><\/figure><\/li><li class=\"blocks-gallery-item\"><figure><a href=\"http:\/\/212.66.193.72\/~cp4520516\/yleisurheilu\/wp-content\/uploads\/sites\/2\/2019\/10\/P11_pieni.jpg\"><img loading=\"lazy\" decoding=\"async\" width=\"800\" height=\"600\" src=\"http:\/\/212.66.193.72\/~cp4520516\/yleisurheilu\/wp-content\/uploads\/sites\/2\/2019\/10\/P11_pieni.jpg\" alt=\"\" data-id=\"529\" data-link=\"http:\/\/212.66.193.72\/~cp4520516\/yleisurheilu\/?attachment_id=529\" class=\"wp-image-529\" srcset=\"https:\/\/www.alajarvenankkurit.fi\/yleisurheilu\/wp-content\/uploads\/sites\/2\/2019\/10\/P11_pieni.jpg 800w, https:\/\/www.alajarvenankkurit.fi\/yleisurheilu\/wp-content\/uploads\/sites\/2\/2019\/10\/P11_pieni-300x225.jpg 300w, https:\/\/www.alajarvenankkurit.fi\/yleisurheilu\/wp-content\/uploads\/sites\/2\/2019\/10\/P11_pieni-768x576.jpg 768w\" sizes=\"auto, (max-width: 767px) 89vw, (max-width: 1000px) 54vw, (max-width: 1071px) 543px, 580px\" \/><\/a><figcaption class=\"blocks-gallery-item__caption\"> 11-vuotiaat pojat palkittavina <\/figcaption><\/figure><\/li><li class=\"blocks-gallery-item\"><figure><a href=\"http:\/\/212.66.193.72\/~cp4520516\/yleisurheilu\/wp-content\/uploads\/sites\/2\/2019\/10\/T7_pieni.jpg\"><img loading=\"lazy\" decoding=\"async\" width=\"800\" height=\"600\" src=\"http:\/\/212.66.193.72\/~cp4520516\/yleisurheilu\/wp-content\/uploads\/sites\/2\/2019\/10\/T7_pieni.jpg\" alt=\"\" data-id=\"530\" data-link=\"http:\/\/212.66.193.72\/~cp4520516\/yleisurheilu\/?attachment_id=530\" class=\"wp-image-530\" srcset=\"https:\/\/www.alajarvenankkurit.fi\/yleisurheilu\/wp-content\/uploads\/sites\/2\/2019\/10\/T7_pieni.jpg 800w, https:\/\/www.alajarvenankkurit.fi\/yleisurheilu\/wp-content\/uploads\/sites\/2\/2019\/10\/T7_pieni-300x225.jpg 300w, https:\/\/www.alajarvenankkurit.fi\/yleisurheilu\/wp-content\/uploads\/sites\/2\/2019\/10\/T7_pieni-768x576.jpg 768w\" sizes=\"auto, (max-width: 767px) 89vw, (max-width: 1000px) 54vw, (max-width: 1071px) 543px, 580px\" \/><\/a><figcaption class=\"blocks-gallery-item__caption\">Tyt\u00f6t 7v palkintojenjaosta poistumassa<\/figcaption><\/figure><\/li><li class=\"blocks-gallery-item\"><figure><a href=\"http:\/\/212.66.193.72\/~cp4520516\/yleisurheilu\/wp-content\/uploads\/sites\/2\/2019\/10\/T9_pieni.jpg\"><img loading=\"lazy\" decoding=\"async\" width=\"800\" height=\"600\" src=\"http:\/\/212.66.193.72\/~cp4520516\/yleisurheilu\/wp-content\/uploads\/sites\/2\/2019\/10\/T9_pieni.jpg\" alt=\"\" data-id=\"531\" data-link=\"http:\/\/212.66.193.72\/~cp4520516\/yleisurheilu\/?attachment_id=531\" class=\"wp-image-531\" srcset=\"https:\/\/www.alajarvenankkurit.fi\/yleisurheilu\/wp-content\/uploads\/sites\/2\/2019\/10\/T9_pieni.jpg 800w, https:\/\/www.alajarvenankkurit.fi\/yleisurheilu\/wp-content\/uploads\/sites\/2\/2019\/10\/T9_pieni-300x225.jpg 300w, https:\/\/www.alajarvenankkurit.fi\/yleisurheilu\/wp-content\/uploads\/sites\/2\/2019\/10\/T9_pieni-768x576.jpg 768w\" sizes=\"auto, (max-width: 767px) 89vw, (max-width: 1000px) 54vw, (max-width: 1071px) 543px, 580px\" \/><\/a><figcaption class=\"blocks-gallery-item__caption\">Tyt\u00f6t 9v ovat mitalinsa saaneet<\/figcaption><\/figure><\/li><li class=\"blocks-gallery-item\"><figure><a href=\"http:\/\/212.66.193.72\/~cp4520516\/yleisurheilu\/wp-content\/uploads\/sites\/2\/2019\/10\/T11_pieni.jpg\"><img loading=\"lazy\" decoding=\"async\" width=\"800\" height=\"600\" src=\"http:\/\/212.66.193.72\/~cp4520516\/yleisurheilu\/wp-content\/uploads\/sites\/2\/2019\/10\/T11_pieni.jpg\" alt=\"\" data-id=\"532\" data-link=\"http:\/\/212.66.193.72\/~cp4520516\/yleisurheilu\/?attachment_id=532\" class=\"wp-image-532\" srcset=\"https:\/\/www.alajarvenankkurit.fi\/yleisurheilu\/wp-content\/uploads\/sites\/2\/2019\/10\/T11_pieni.jpg 800w, https:\/\/www.alajarvenankkurit.fi\/yleisurheilu\/wp-content\/uploads\/sites\/2\/2019\/10\/T11_pieni-300x225.jpg 300w, https:\/\/www.alajarvenankkurit.fi\/yleisurheilu\/wp-content\/uploads\/sites\/2\/2019\/10\/T11_pieni-768x576.jpg 768w\" sizes=\"auto, (max-width: 767px) 89vw, (max-width: 1000px) 54vw, (max-width: 1071px) 543px, 580px\" \/><\/a><figcaption class=\"blocks-gallery-item__caption\">11-vuotiaiden tytt\u00f6jen upea rivi<\/figcaption><\/figure><\/li><li class=\"blocks-gallery-item\"><figure><a href=\"http:\/\/212.66.193.72\/~cp4520516\/yleisurheilu\/wp-content\/uploads\/sites\/2\/2019\/10\/T13_pieni.jpg\"><img loading=\"lazy\" decoding=\"async\" width=\"800\" height=\"600\" src=\"http:\/\/212.66.193.72\/~cp4520516\/yleisurheilu\/wp-content\/uploads\/sites\/2\/2019\/10\/T13_pieni.jpg\" alt=\"\" data-id=\"533\" data-link=\"http:\/\/212.66.193.72\/~cp4520516\/yleisurheilu\/?attachment_id=533\" class=\"wp-image-533\" srcset=\"https:\/\/www.alajarvenankkurit.fi\/yleisurheilu\/wp-content\/uploads\/sites\/2\/2019\/10\/T13_pieni.jpg 800w, https:\/\/www.alajarvenankkurit.fi\/yleisurheilu\/wp-content\/uploads\/sites\/2\/2019\/10\/T13_pieni-300x225.jpg 300w, https:\/\/www.alajarvenankkurit.fi\/yleisurheilu\/wp-content\/uploads\/sites\/2\/2019\/10\/T13_pieni-768x576.jpg 768w\" sizes=\"auto, (max-width: 767px) 89vw, (max-width: 1000px) 54vw, (max-width: 1071px) 543px, 580px\" \/><\/a><figcaption class=\"blocks-gallery-item__caption\">Tyt\u00f6t 13v kisa oli tasainen<\/figcaption><\/figure><\/li><\/ul><\/figure>\n\n\n\n<h2 class=\"wp-block-heading\">T5 60 m<\/h2>\n\n\n\n<ol class=\"wp-block-list\"><li>Lilja Tuomela 10,0h<\/li><li>Amalia Hoisko 10,3h<\/li><li>Neea Ohramaa 11,0h<\/li><li>Emilia Tuomela 11,5h<\/li><li>Ellen Piispanen 11,9h<\/li><li>Adele Kallio 12,0h<\/li><li>Hulda-Hannele Herrala 12,6h<\/li><li>Seena Joensuu 12,9h<\/li><li>Elma Hankaniemi 13,7h<\/li><li>Kerttu-Kaarina Herrala 14,2h<\/li><li>Selina M\u00e4kiranta 14,3h<\/li><li>Sanni Saarimaa 16,0h<\/li><li>Olivia Hoisko 25,0h<\/li><\/ol>\n\n\n\n<h2 class=\"wp-block-heading\">P5 60 m<\/h2>\n\n\n\n<ol class=\"wp-block-list\"><li>Jalo Kantonen 9,1h<\/li><li>Eeti Jaatinen 10,1h<\/li><li>Samu Vuorinen 10,1h<\/li><li>Vilho Luoma 10,4h<\/li><li>Mikael Pitk\u00e4nen 12,2h<\/li><li>V\u00e4in\u00f6 Luoma 12,6h<\/li><li>Eliel Kallio 13,7h<\/li><li>Lucas Oksa 15,9h<\/li><\/ol>\n\n\n\n<h2 class=\"wp-block-heading\">T7 60 m<\/h2>\n\n\n\n<ol class=\"wp-block-list\"><li>Silja Peltola 11,7h<\/li><li>Hilja-Henna Herrala 12,7h<\/li><li>Vilja Haapa-aho 12,9h<\/li><li>Linnea Piispanen 12,9h<\/li><li>Aino-Maria Myllym\u00e4ki 15,1h<\/li><li>Emma Rintala 15,1h<\/li><li>Adele Turja 15,3h<\/li><li>Bea Hyv\u00e4rinen 15,6h<\/li><li>Elsa Saarimaa 16,1h<\/li><\/ol>\n\n\n\n<h2 class=\"wp-block-heading\">T7 pallo<\/h2>\n\n\n\n<ol class=\"wp-block-list\"><li>Vilja Haapa-aho 14,91 m<\/li><li>Hilja-Henna Herrala 11,70 m<\/li><li>Silja Peltola 10,63 m<\/li><li>Emma Rintala 8,86 m<\/li><li>Aino-Maria Myllym\u00e4ki 6,88 m<\/li><li>Linnea Piispanen 6,22 m<\/li><li>Bea Hyv\u00e4rinen 5,20 m<\/li><li>Adele Turja 5,05 m<\/li><li>Elsa Saarimaa 4,89 m<\/li><\/ol>\n\n\n\n<h2 class=\"wp-block-heading\">P7 60 m<\/h2>\n\n\n\n<ol class=\"wp-block-list\"><li>Nils Turja 12,6h<\/li><li>Saku Luoma 13,4h<\/li><li>Eliel M\u00e4kiranta 13,8h<\/li><li>Leo Ohramaa 16,1h<\/li><\/ol>\n\n\n\n<h2 class=\"wp-block-heading\">P7 pallo<\/h2>\n\n\n\n<ol class=\"wp-block-list\"><li>Saku Luoma 10,14 m<\/li><li>Leo Ohramaa 8,02 m<\/li><\/ol>\n\n\n\n<h2 class=\"wp-block-heading\">T9 150 m<\/h2>\n\n\n\n<ol class=\"wp-block-list\"><li>Jessica Ollila 30,4h<\/li><li>Meri Yli-Sikkil\u00e4 30,5h<\/li><li>Lumia Piispanen 30,7h<\/li><li>Daniela Flink 33,6h<\/li><li>Helmi-Helena Herrala 33,7h<\/li><\/ol>\n\n\n\n<h2 class=\"wp-block-heading\">T9 kuula<\/h2>\n\n\n\n<ol class=\"wp-block-list\"><li>Helmi-Helena Herrala 3,70 m<\/li><li>Jessica Ollila 3,21 m<\/li><li>Meri Yli-Sikkil\u00e4 3,12 m<\/li><li>Daniela Flink 2,89 m<\/li><li>Lumia Piispanen 2,89 m<\/li><\/ol>\n\n\n\n<h2 class=\"wp-block-heading\">P9 150 m<\/h2>\n\n\n\n<ol class=\"wp-block-list\"><li>Samuel Kuoppa-Aho 27,5h<\/li><li>Jens Turja 28,8h<\/li><li>Aleksi Myllym\u00e4ki 29,5h<\/li><li>Matias Herrala 30,1h<\/li><li>Sauli Hautam\u00e4ki 30,3h<\/li><li>Johannes Takala 30,8h<\/li><li>Lauri Myllym\u00e4ki 36,3h<\/li><\/ol>\n\n\n\n<h2 class=\"wp-block-heading\">P9 kuula<\/h2>\n\n\n\n<ol class=\"wp-block-list\"><li>Samuli Kraatari 5,55 m<\/li><li>Johannes Takala 5,19 m<\/li><li>Samuel Kuoppa-aho 4,39 m<\/li><li>Lauri Myllym\u00e4ki 4,27 m<\/li><li>Matias Herrala 4,03 m<\/li><li>Aleksi Myllym\u00e4ki 3,63 m<\/li><\/ol>\n\n\n\n<h2 class=\"wp-block-heading\">T11 150 m<\/h2>\n\n\n\n<ol class=\"wp-block-list\"><li>Aada Piispanen 26,0h<\/li><li>Milja M\u00e4kiranta 27,2h<\/li><li>Elsa Hankaniemi 27,5h<\/li><li>Emilia Kivim\u00e4ki 27,6h<\/li><li>Claudia Flink 31,1h<\/li><li>Hanna Siiril\u00e4 33,1h<\/li><li>Niina Raja-Aho 37,9h<\/li><\/ol>\n\n\n\n<h2 class=\"wp-block-heading\">T11 keih\u00e4s (400 g)<\/h2>\n\n\n\n<ol class=\"wp-block-list\"><li>Hanna Siiril\u00e4 13,56 m<\/li><li>Aada Piispanen 9,83 m<\/li><li>Emilia Kivim\u00e4ki 9,40 m<\/li><li>Claudia Flink 8,21 m<\/li><li>Elsa Hankaniemi 7,16 m<\/li><li>Niina Raja-Aho 6,48 m<\/li><\/ol>\n\n\n\n<h2 class=\"wp-block-heading\">P11 150 m<\/h2>\n\n\n\n<ol class=\"wp-block-list\"><li>Jere Ollila 24,7h<\/li><li>Julius Pakka 24,9h<\/li><li>Aleksanteri Puumala 31,3h<\/li><\/ol>\n\n\n\n<h2 class=\"wp-block-heading\">P11 keih\u00e4s (400 g)<\/h2>\n\n\n\n<ol class=\"wp-block-list\"><li>Eevertti Kantanen 34,64 m<\/li><li>Jere Ollila 17,61 m<\/li><li>Julius Pakka 16,60 m<\/li><li>Aleksanteri Puumala 5,95 m<\/li><\/ol>\n\n\n\n<h2 class=\"wp-block-heading\">T13 150 m<\/h2>\n\n\n\n<ol class=\"wp-block-list\"><li>Ilona Takala 21,9h<\/li><li>Seliina Kuoppa-Aho 22,2h<\/li><li>Katariina Lepp\u00e4ho 23,4h<\/li><li>Emmi Piispanen 23,5h<\/li><li>Neea Raja-Aho 25,0h<\/li><\/ol>\n\n\n\n<h2 class=\"wp-block-heading\">T13 keih\u00e4s (400 g)<\/h2>\n\n\n\n<ol class=\"wp-block-list\"><li>Katariina Lepp\u00e4aho 25,62 m<\/li><li>Ilona Takala 17,78 m<\/li><li>Seliina Kuoppa-Aho 15,79 m<\/li><li>Neea Raja-Aho 15,32 m<\/li><li>Emmi Piispanen 11,76 m<\/li><\/ol>\n","protected":false},"excerpt":{"rendered":"<p>Kes\u00e4n toiset viikkokisat kisailtiin mainiossa kes\u00e4s\u00e4\u00e4ss\u00e4 63 urheilijan voimin! Alla nyt my\u00f6s cup-tilanne kahden kisan j\u00e4lkeen. T5 60 m Lilja Tuomela 10,0h Amalia Hoisko 10,3h Neea Ohramaa 11,0h Emilia Tuomela 11,5h Ellen Piispanen 11,9h Adele Kallio 12,0h Hulda-Hannele Herrala 12,6h Seena Joensuu 12,9h Elma Hankaniemi 13,7h Kerttu-Kaarina Herrala 14,2h Selina M\u00e4kiranta 14,3h Sanni Saarimaa 16,0h &hellip; <\/p>\n<p class=\"link-more\"><a href=\"https:\/\/www.alajarvenankkurit.fi\/yleisurheilu\/tuloksia\/2019\/viikkokisat-2019\/viikkokisat-17-6-2019\/\" class=\"more-link\">Jatka lukemista<span class=\"screen-reader-text\"> &#8221;Viikkokisat 17.6.2019&#8221;<\/span><\/a><\/p>\n","protected":false},"author":1,"featured_media":0,"comment_status":"closed","ping_status":"open","sticky":false,"template":"","format":"standard","meta":{"footnotes":""},"categories":[23],"tags":[],"class_list":["post-525","post","type-post","status-publish","format-standard","hentry","category-viikkokisat-2019"],"_links":{"self":[{"href":"https:\/\/www.alajarvenankkurit.fi\/yleisurheilu\/wp-json\/wp\/v2\/posts\/525","targetHints":{"allow":["GET"]}}],"collection":[{"href":"https:\/\/www.alajarvenankkurit.fi\/yleisurheilu\/wp-json\/wp\/v2\/posts"}],"about":[{"href":"https:\/\/www.alajarvenankkurit.fi\/yleisurheilu\/wp-json\/wp\/v2\/types\/post"}],"author":[{"embeddable":true,"href":"https:\/\/www.alajarvenankkurit.fi\/yleisurheilu\/wp-json\/wp\/v2\/users\/1"}],"replies":[{"embeddable":true,"href":"https:\/\/www.alajarvenankkurit.fi\/yleisurheilu\/wp-json\/wp\/v2\/comments?post=525"}],"version-history":[{"count":3,"href":"https:\/\/www.alajarvenankkurit.fi\/yleisurheilu\/wp-json\/wp\/v2\/posts\/525\/revisions"}],"predecessor-version":[{"id":885,"href":"https:\/\/www.alajarvenankkurit.fi\/yleisurheilu\/wp-json\/wp\/v2\/posts\/525\/revisions\/885"}],"wp:attachment":[{"href":"https:\/\/www.alajarvenankkurit.fi\/yleisurheilu\/wp-json\/wp\/v2\/media?parent=525"}],"wp:term":[{"taxonomy":"category","embeddable":true,"href":"https:\/\/www.alajarvenankkurit.fi\/yleisurheilu\/wp-json\/wp\/v2\/categories?post=525"},{"taxonomy":"post_tag","embeddable":true,"href":"https:\/\/www.alajarvenankkurit.fi\/yleisurheilu\/wp-json\/wp\/v2\/tags?post=525"}],"curies":[{"name":"wp","href":"https:\/\/api.w.org\/{rel}","templated":true}]}}