{"id":4680,"date":"2023-03-18T19:10:57","date_gmt":"2023-03-18T17:10:57","guid":{"rendered":"https:\/\/www.alajarvenankkurit.fi\/yleisurheilu\/?p=4680"},"modified":"2023-03-18T19:12:43","modified_gmt":"2023-03-18T17:12:43","slug":"kevaan-2023-viimeiset-monnarikisat","status":"publish","type":"post","link":"https:\/\/www.alajarvenankkurit.fi\/yleisurheilu\/tuloksia\/2023\/hallikausi-2023\/kevaan-2023-viimeiset-monnarikisat\/","title":{"rendered":"Kev\u00e4\u00e4n 2023 viimeiset Monnarikisat"},"content":{"rendered":"\n<p>Kolmen hallikisan sarjan viimeisess\u00e4 kisassa 18.3.2023 harjoiteltiin monelle hieman oudompien lajien kilpailemista. Alaj\u00e4rven monitoimihallissa hienosti kuitenkin sujuivat sek\u00e4 aitajuoksu ett\u00e4 korkeushyppy! Pienimm\u00e4t harjoittelivat sile\u00e4\u00e4 pikamatkaa ja pituushyppy\u00e4. Tulokset alla olevasta linkist\u00e4. Viel\u00e4 harjoitellaan muutaman viikon ajan hallin suojassa ennen siirtymist\u00e4 Ankkurikent\u00e4lle.<\/p>\n\n\n\n<div class=\"wp-block-file\"><a id=\"wp-block-file--media-1bc98215-c8bf-4ba3-a07b-7519abbd911f\" href=\"https:\/\/www.alajarvenankkurit.fi\/yleisurheilu\/wp-content\/uploads\/sites\/2\/2023\/03\/Hallikisa_Tulokset_18032023.pdf\">Hallikisa_Tulokset_18032023<\/a><a href=\"https:\/\/www.alajarvenankkurit.fi\/yleisurheilu\/wp-content\/uploads\/sites\/2\/2023\/03\/Hallikisa_Tulokset_18032023.pdf\" class=\"wp-block-file__button wp-element-button\" download aria-describedby=\"wp-block-file--media-1bc98215-c8bf-4ba3-a07b-7519abbd911f\">Lataa<\/a><\/div>\n\n\n\n<figure class=\"wp-block-gallery has-nested-images columns-default is-cropped wp-block-gallery-1 is-layout-flex wp-block-gallery-is-layout-flex\">\n<figure class=\"wp-block-image size-large\"><img loading=\"lazy\" decoding=\"async\" width=\"1500\" height=\"2000\" data-id=\"4683\" src=\"https:\/\/www.alajarvenankkurit.fi\/yleisurheilu\/wp-content\/uploads\/sites\/2\/2023\/03\/WhatsApp-Image-2023-03-18-at-19.03.34-3.jpeg\" alt=\"\" class=\"wp-image-4683\" srcset=\"https:\/\/www.alajarvenankkurit.fi\/yleisurheilu\/wp-content\/uploads\/sites\/2\/2023\/03\/WhatsApp-Image-2023-03-18-at-19.03.34-3.jpeg 1500w, https:\/\/www.alajarvenankkurit.fi\/yleisurheilu\/wp-content\/uploads\/sites\/2\/2023\/03\/WhatsApp-Image-2023-03-18-at-19.03.34-3-225x300.jpeg 225w, https:\/\/www.alajarvenankkurit.fi\/yleisurheilu\/wp-content\/uploads\/sites\/2\/2023\/03\/WhatsApp-Image-2023-03-18-at-19.03.34-3-768x1024.jpeg 768w, https:\/\/www.alajarvenankkurit.fi\/yleisurheilu\/wp-content\/uploads\/sites\/2\/2023\/03\/WhatsApp-Image-2023-03-18-at-19.03.34-3-1152x1536.jpeg 1152w\" sizes=\"auto, (max-width: 767px) 89vw, (max-width: 1000px) 54vw, (max-width: 1071px) 543px, 580px\" \/><\/figure>\n\n\n\n<figure class=\"wp-block-image size-large\"><img loading=\"lazy\" decoding=\"async\" width=\"2000\" height=\"1500\" data-id=\"4684\" src=\"https:\/\/www.alajarvenankkurit.fi\/yleisurheilu\/wp-content\/uploads\/sites\/2\/2023\/03\/WhatsApp-Image-2023-03-18-at-19.03.34-2.jpeg\" alt=\"\" class=\"wp-image-4684\" srcset=\"https:\/\/www.alajarvenankkurit.fi\/yleisurheilu\/wp-content\/uploads\/sites\/2\/2023\/03\/WhatsApp-Image-2023-03-18-at-19.03.34-2.jpeg 2000w, https:\/\/www.alajarvenankkurit.fi\/yleisurheilu\/wp-content\/uploads\/sites\/2\/2023\/03\/WhatsApp-Image-2023-03-18-at-19.03.34-2-300x225.jpeg 300w, https:\/\/www.alajarvenankkurit.fi\/yleisurheilu\/wp-content\/uploads\/sites\/2\/2023\/03\/WhatsApp-Image-2023-03-18-at-19.03.34-2-768x576.jpeg 768w, https:\/\/www.alajarvenankkurit.fi\/yleisurheilu\/wp-content\/uploads\/sites\/2\/2023\/03\/WhatsApp-Image-2023-03-18-at-19.03.34-2-1536x1152.jpeg 1536w\" sizes=\"auto, (max-width: 767px) 89vw, (max-width: 1000px) 54vw, (max-width: 1071px) 543px, 580px\" \/><\/figure>\n\n\n\n<figure class=\"wp-block-image size-large\"><img loading=\"lazy\" decoding=\"async\" width=\"1500\" height=\"2000\" data-id=\"4682\" src=\"https:\/\/www.alajarvenankkurit.fi\/yleisurheilu\/wp-content\/uploads\/sites\/2\/2023\/03\/WhatsApp-Image-2023-03-18-at-19.03.34.jpeg\" alt=\"\" class=\"wp-image-4682\" srcset=\"https:\/\/www.alajarvenankkurit.fi\/yleisurheilu\/wp-content\/uploads\/sites\/2\/2023\/03\/WhatsApp-Image-2023-03-18-at-19.03.34.jpeg 1500w, https:\/\/www.alajarvenankkurit.fi\/yleisurheilu\/wp-content\/uploads\/sites\/2\/2023\/03\/WhatsApp-Image-2023-03-18-at-19.03.34-225x300.jpeg 225w, https:\/\/www.alajarvenankkurit.fi\/yleisurheilu\/wp-content\/uploads\/sites\/2\/2023\/03\/WhatsApp-Image-2023-03-18-at-19.03.34-768x1024.jpeg 768w, https:\/\/www.alajarvenankkurit.fi\/yleisurheilu\/wp-content\/uploads\/sites\/2\/2023\/03\/WhatsApp-Image-2023-03-18-at-19.03.34-1152x1536.jpeg 1152w\" sizes=\"auto, (max-width: 767px) 89vw, (max-width: 1000px) 54vw, (max-width: 1071px) 543px, 580px\" \/><\/figure>\n<\/figure>\n","protected":false},"excerpt":{"rendered":"<p>Kolmen hallikisan sarjan viimeisess\u00e4 kisassa 18.3.2023 harjoiteltiin monelle hieman oudompien lajien kilpailemista. Alaj\u00e4rven monitoimihallissa hienosti kuitenkin sujuivat sek\u00e4 aitajuoksu ett\u00e4 korkeushyppy! Pienimm\u00e4t harjoittelivat sile\u00e4\u00e4 pikamatkaa ja pituushyppy\u00e4. Tulokset alla olevasta linkist\u00e4. Viel\u00e4 harjoitellaan muutaman viikon ajan hallin suojassa ennen siirtymist\u00e4 Ankkurikent\u00e4lle.<\/p>\n","protected":false},"author":5,"featured_media":0,"comment_status":"closed","ping_status":"open","sticky":false,"template":"","format":"standard","meta":{"footnotes":""},"categories":[47],"tags":[],"class_list":["post-4680","post","type-post","status-publish","format-standard","hentry","category-hallikausi-2023"],"_links":{"self":[{"href":"https:\/\/www.alajarvenankkurit.fi\/yleisurheilu\/wp-json\/wp\/v2\/posts\/4680","targetHints":{"allow":["GET"]}}],"collection":[{"href":"https:\/\/www.alajarvenankkurit.fi\/yleisurheilu\/wp-json\/wp\/v2\/posts"}],"about":[{"href":"https:\/\/www.alajarvenankkurit.fi\/yleisurheilu\/wp-json\/wp\/v2\/types\/post"}],"author":[{"embeddable":true,"href":"https:\/\/www.alajarvenankkurit.fi\/yleisurheilu\/wp-json\/wp\/v2\/users\/5"}],"replies":[{"embeddable":true,"href":"https:\/\/www.alajarvenankkurit.fi\/yleisurheilu\/wp-json\/wp\/v2\/comments?post=4680"}],"version-history":[{"count":2,"href":"https:\/\/www.alajarvenankkurit.fi\/yleisurheilu\/wp-json\/wp\/v2\/posts\/4680\/revisions"}],"predecessor-version":[{"id":4686,"href":"https:\/\/www.alajarvenankkurit.fi\/yleisurheilu\/wp-json\/wp\/v2\/posts\/4680\/revisions\/4686"}],"wp:attachment":[{"href":"https:\/\/www.alajarvenankkurit.fi\/yleisurheilu\/wp-json\/wp\/v2\/media?parent=4680"}],"wp:term":[{"taxonomy":"category","embeddable":true,"href":"https:\/\/www.alajarvenankkurit.fi\/yleisurheilu\/wp-json\/wp\/v2\/categories?post=4680"},{"taxonomy":"post_tag","embeddable":true,"href":"https:\/\/www.alajarvenankkurit.fi\/yleisurheilu\/wp-json\/wp\/v2\/tags?post=4680"}],"curies":[{"name":"wp","href":"https:\/\/api.w.org\/{rel}","templated":true}]}}