{"id":4057,"date":"2022-07-26T15:48:48","date_gmt":"2022-07-26T12:48:48","guid":{"rendered":"https:\/\/www.alajarvenankkurit.fi\/yleisurheilu\/?p=4057"},"modified":"2022-07-26T15:56:25","modified_gmt":"2022-07-26T12:56:25","slug":"ankkurimiehet-maailmalla-juhanalle-pohjolan-mestaruus","status":"publish","type":"post","link":"https:\/\/www.alajarvenankkurit.fi\/yleisurheilu\/tuloksia\/2022\/ankkurimiehet-maailmalla-juhanalle-pohjolan-mestaruus\/","title":{"rendered":"Ankkurimiehet maailmalla &#8211; Juhanalle Pohjolan mestaruus!"},"content":{"rendered":"\n<p>Alaj\u00e4rven Ankkureiden edustusurheilijat pukivat hein\u00e4kuun loppupuolella ylleen Suomi-paitoja. <strong>Juhana Karjanlahti<\/strong> ja <strong>Teemu Tuomela<\/strong> edustivat Suomea alle 23-vuotiaiden Pohjolan ja Baltian mestaruuskisoissa Ruotsin Malm\u00f6ss\u00e4 16.-17.7.2022. Juhana kiskaisi viimeisell\u00e4 kierroksella moukarin mestariksi 63,73 m kantaneella heitollaan! Teemu juoksi 400 m ratakierroksella (enn\u00e4tys 48,91) ajan 50,33, joka oikeutti sijalle 8. H\u00e4n juoksi my\u00f6s hopeaa saavuttaneessa viestijoukkueessa.  (<a href=\"https:\/\/www.yleisurheilu.fi\/uutinen\/suomen-nuoret-malmossa-pohjoismaiden-mestaruuskisoissa-ja-maaottelussa-tulosseuranta\/\" target=\"_blank\" rel=\"noreferrer noopener\">Linkki SULin uutiseen<\/a>)<\/p>\n\n\n\n<p><strong>Mikko Paavola<\/strong> osallistui MM-kisojen seip\u00e4\u00e4n karsintaan 23.7.2022 Eugenessa USA:ssa ja sijoittui jaetulle 19. sijalle. Tuulisessa s\u00e4\u00e4ss\u00e4 k\u00e4ydyss\u00e4 kisassa Mikko hypp\u00e4si 550 ensimm\u00e4isell\u00e4\u00e4n, mutta hyv\u00e4t yritykset seuraavasta korkeudesta 565 eiv\u00e4t t\u00e4ll\u00e4 kertaa tuottaneet tulosta. Finaaliin p\u00e4\u00e4st\u00e4kseen h\u00e4nen olisi pit\u00e4nyt hyp\u00e4t\u00e4 v\u00e4hint\u00e4\u00e4n 575, kun oma enn\u00e4tys on t\u00e4ll\u00e4 hetkell\u00e4 571. Mikolla viel\u00e4 edess\u00e4 elokuussa Kalevan Kisat ja toivottavasti my\u00f6s EM-kisat. Tsemppi\u00e4 tuleviin koitoksiin! (<a href=\"https:\/\/www.yleisurheilu.fi\/uutinen\/paavola-ja-holttinen-taivuttivat-550-mm-kilpailujen-tuulisessa-karsinnassa\/\" target=\"_blank\" rel=\"noreferrer noopener\">Linkki SULin uutiseen<\/a>)<\/p>\n\n\n\n<figure class=\"wp-block-gallery has-nested-images columns-default is-cropped wp-block-gallery-1 is-layout-flex wp-block-gallery-is-layout-flex\">\n<figure class=\"wp-block-image size-large\"><img loading=\"lazy\" decoding=\"async\" width=\"1200\" height=\"1600\" data-id=\"4058\" src=\"https:\/\/www.alajarvenankkurit.fi\/yleisurheilu\/wp-content\/uploads\/sites\/2\/2022\/07\/1658832122198.jpg\" alt=\"\" class=\"wp-image-4058\" srcset=\"https:\/\/www.alajarvenankkurit.fi\/yleisurheilu\/wp-content\/uploads\/sites\/2\/2022\/07\/1658832122198.jpg 1200w, https:\/\/www.alajarvenankkurit.fi\/yleisurheilu\/wp-content\/uploads\/sites\/2\/2022\/07\/1658832122198-225x300.jpg 225w, https:\/\/www.alajarvenankkurit.fi\/yleisurheilu\/wp-content\/uploads\/sites\/2\/2022\/07\/1658832122198-768x1024.jpg 768w, https:\/\/www.alajarvenankkurit.fi\/yleisurheilu\/wp-content\/uploads\/sites\/2\/2022\/07\/1658832122198-1152x1536.jpg 1152w\" sizes=\"auto, (max-width: 767px) 89vw, (max-width: 1000px) 54vw, (max-width: 1071px) 543px, 580px\" \/><\/figure>\n\n\n\n<figure class=\"wp-block-image size-large\"><img loading=\"lazy\" decoding=\"async\" width=\"2048\" height=\"922\" data-id=\"4059\" src=\"https:\/\/www.alajarvenankkurit.fi\/yleisurheilu\/wp-content\/uploads\/sites\/2\/2022\/07\/1658832122182-2048x922.jpg\" alt=\"\" class=\"wp-image-4059\" srcset=\"https:\/\/www.alajarvenankkurit.fi\/yleisurheilu\/wp-content\/uploads\/sites\/2\/2022\/07\/1658832122182-2048x922.jpg 2048w, https:\/\/www.alajarvenankkurit.fi\/yleisurheilu\/wp-content\/uploads\/sites\/2\/2022\/07\/1658832122182-300x135.jpg 300w, https:\/\/www.alajarvenankkurit.fi\/yleisurheilu\/wp-content\/uploads\/sites\/2\/2022\/07\/1658832122182-768x346.jpg 768w, https:\/\/www.alajarvenankkurit.fi\/yleisurheilu\/wp-content\/uploads\/sites\/2\/2022\/07\/1658832122182-1536x691.jpg 1536w\" sizes=\"auto, (max-width: 767px) 89vw, (max-width: 1000px) 54vw, (max-width: 1071px) 543px, 580px\" \/><\/figure>\n<\/figure>\n","protected":false},"excerpt":{"rendered":"<p>Alaj\u00e4rven Ankkureiden edustusurheilijat pukivat hein\u00e4kuun loppupuolella ylleen Suomi-paitoja. Juhana Karjanlahti ja Teemu Tuomela edustivat Suomea alle 23-vuotiaiden Pohjolan ja Baltian mestaruuskisoissa Ruotsin Malm\u00f6ss\u00e4 16.-17.7.2022. Juhana kiskaisi viimeisell\u00e4 kierroksella moukarin mestariksi 63,73 m kantaneella heitollaan! Teemu juoksi 400 m ratakierroksella (enn\u00e4tys 48,91) ajan 50,33, joka oikeutti sijalle 8. H\u00e4n juoksi my\u00f6s hopeaa saavuttaneessa viestijoukkueessa. (Linkki SULin &hellip; <\/p>\n<p class=\"link-more\"><a href=\"https:\/\/www.alajarvenankkurit.fi\/yleisurheilu\/tuloksia\/2022\/ankkurimiehet-maailmalla-juhanalle-pohjolan-mestaruus\/\" class=\"more-link\">Jatka lukemista<span class=\"screen-reader-text\"> &#8221;Ankkurimiehet maailmalla &#8211; Juhanalle Pohjolan mestaruus!&#8221;<\/span><\/a><\/p>\n","protected":false},"author":5,"featured_media":0,"comment_status":"closed","ping_status":"open","sticky":false,"template":"","format":"standard","meta":{"footnotes":""},"categories":[42],"tags":[],"class_list":["post-4057","post","type-post","status-publish","format-standard","hentry","category-42"],"_links":{"self":[{"href":"https:\/\/www.alajarvenankkurit.fi\/yleisurheilu\/wp-json\/wp\/v2\/posts\/4057","targetHints":{"allow":["GET"]}}],"collection":[{"href":"https:\/\/www.alajarvenankkurit.fi\/yleisurheilu\/wp-json\/wp\/v2\/posts"}],"about":[{"href":"https:\/\/www.alajarvenankkurit.fi\/yleisurheilu\/wp-json\/wp\/v2\/types\/post"}],"author":[{"embeddable":true,"href":"https:\/\/www.alajarvenankkurit.fi\/yleisurheilu\/wp-json\/wp\/v2\/users\/5"}],"replies":[{"embeddable":true,"href":"https:\/\/www.alajarvenankkurit.fi\/yleisurheilu\/wp-json\/wp\/v2\/comments?post=4057"}],"version-history":[{"count":2,"href":"https:\/\/www.alajarvenankkurit.fi\/yleisurheilu\/wp-json\/wp\/v2\/posts\/4057\/revisions"}],"predecessor-version":[{"id":4062,"href":"https:\/\/www.alajarvenankkurit.fi\/yleisurheilu\/wp-json\/wp\/v2\/posts\/4057\/revisions\/4062"}],"wp:attachment":[{"href":"https:\/\/www.alajarvenankkurit.fi\/yleisurheilu\/wp-json\/wp\/v2\/media?parent=4057"}],"wp:term":[{"taxonomy":"category","embeddable":true,"href":"https:\/\/www.alajarvenankkurit.fi\/yleisurheilu\/wp-json\/wp\/v2\/categories?post=4057"},{"taxonomy":"post_tag","embeddable":true,"href":"https:\/\/www.alajarvenankkurit.fi\/yleisurheilu\/wp-json\/wp\/v2\/tags?post=4057"}],"curies":[{"name":"wp","href":"https:\/\/api.w.org\/{rel}","templated":true}]}}