{"id":3780,"date":"2022-05-14T17:38:30","date_gmt":"2022-05-14T14:38:30","guid":{"rendered":"https:\/\/www.alajarvenankkurit.fi\/yleisurheilu\/?p=3780"},"modified":"2022-05-14T20:11:54","modified_gmt":"2022-05-14T17:11:54","slug":"piirinmestaruusmaastot-2022-ilonalle-kultaa","status":"publish","type":"post","link":"https:\/\/www.alajarvenankkurit.fi\/yleisurheilu\/tuloksia\/2022\/piirinmestaruusmaastot-2022-ilonalle-kultaa\/","title":{"rendered":"Piirinmestaruusmaastot 2022 &#8211; Ilonalle kultaa!"},"content":{"rendered":"\n<p>Etel\u00e4-Pohjanmaan piirin maastojuoksut j\u00e4rjestettiin 14.5. Teuvalla upeissa puitteissa ja s\u00e4\u00e4ss\u00e4.<strong> Ilona Takala<\/strong> oli j\u00e4lleen vahvassa vireess\u00e4 ja voitti N17 sarjan noin 4 km matkan ylivoimaisesti ajalla 15.53! H\u00e4nell\u00e4 on t\u00e4lt\u00e4 kev\u00e4\u00e4lt\u00e4 taskussaan jo maantiejuoksun piirinmestaruus ja mainio 15. sija SM maastoista. <strong>Liinu J\u00e4rvinen<\/strong> juoksi my\u00f6s hyvin sijoittuen piirin nelj\u00e4nneksi samassa sarjassa. Molemmat tyt\u00f6t voivat osallistua viel\u00e4 ensi vuonna samaan ik\u00e4sarjaan. T15 sarjassa juoksivat vajaan 3 km matkalla <strong>Viola Takala<\/strong> mainiosti sijalle 5 ja <strong>Katariina Lepp\u00e4aho <\/strong>sijalle 10. Kaikki tulokset <a href=\"https:\/\/www.tilastopaja.eu\/fi\/db\/tulokset.php?CID=87370\" target=\"_blank\" rel=\"noreferrer noopener\">Tilastopajassa t\u00e4\u00e4ll\u00e4<\/a>. (Valokuvat Kirsi Urpilainen)<\/p>\n\n\n\n<figure class=\"wp-block-gallery has-nested-images columns-2 is-cropped wp-block-gallery-1 is-layout-flex wp-block-gallery-is-layout-flex\">\n<figure class=\"wp-block-image size-large\"><img loading=\"lazy\" decoding=\"async\" width=\"1024\" height=\"768\" data-id=\"3784\" src=\"https:\/\/www.alajarvenankkurit.fi\/yleisurheilu\/wp-content\/uploads\/sites\/2\/2022\/05\/WhatsApp-Image-2022-05-14-at-13.45.09-1.jpeg\" alt=\"\" class=\"wp-image-3784\" srcset=\"https:\/\/www.alajarvenankkurit.fi\/yleisurheilu\/wp-content\/uploads\/sites\/2\/2022\/05\/WhatsApp-Image-2022-05-14-at-13.45.09-1.jpeg 1024w, https:\/\/www.alajarvenankkurit.fi\/yleisurheilu\/wp-content\/uploads\/sites\/2\/2022\/05\/WhatsApp-Image-2022-05-14-at-13.45.09-1-300x225.jpeg 300w, https:\/\/www.alajarvenankkurit.fi\/yleisurheilu\/wp-content\/uploads\/sites\/2\/2022\/05\/WhatsApp-Image-2022-05-14-at-13.45.09-1-768x576.jpeg 768w\" sizes=\"auto, (max-width: 767px) 89vw, (max-width: 1000px) 54vw, (max-width: 1071px) 543px, 580px\" \/><figcaption>Ilona N17 mestari, Liinu nelj\u00e4s<\/figcaption><\/figure>\n\n\n\n<figure class=\"wp-block-image size-large\"><img loading=\"lazy\" decoding=\"async\" width=\"1024\" height=\"768\" data-id=\"3782\" src=\"https:\/\/www.alajarvenankkurit.fi\/yleisurheilu\/wp-content\/uploads\/sites\/2\/2022\/05\/WhatsApp-Image-2022-05-14-at-13.17.54.jpeg\" alt=\"\" class=\"wp-image-3782\" srcset=\"https:\/\/www.alajarvenankkurit.fi\/yleisurheilu\/wp-content\/uploads\/sites\/2\/2022\/05\/WhatsApp-Image-2022-05-14-at-13.17.54.jpeg 1024w, https:\/\/www.alajarvenankkurit.fi\/yleisurheilu\/wp-content\/uploads\/sites\/2\/2022\/05\/WhatsApp-Image-2022-05-14-at-13.17.54-300x225.jpeg 300w, https:\/\/www.alajarvenankkurit.fi\/yleisurheilu\/wp-content\/uploads\/sites\/2\/2022\/05\/WhatsApp-Image-2022-05-14-at-13.17.54-768x576.jpeg 768w\" sizes=\"auto, (max-width: 767px) 89vw, (max-width: 1000px) 54vw, (max-width: 1071px) 543px, 580px\" \/><figcaption>Viola T15 sarjan viides<\/figcaption><\/figure>\n\n\n\n<figure class=\"wp-block-image size-large\"><img loading=\"lazy\" decoding=\"async\" width=\"1024\" height=\"768\" data-id=\"3781\" src=\"https:\/\/www.alajarvenankkurit.fi\/yleisurheilu\/wp-content\/uploads\/sites\/2\/2022\/05\/T15_N17_Lahto_20220514.jpeg\" alt=\"\" class=\"wp-image-3781\" srcset=\"https:\/\/www.alajarvenankkurit.fi\/yleisurheilu\/wp-content\/uploads\/sites\/2\/2022\/05\/T15_N17_Lahto_20220514.jpeg 1024w, https:\/\/www.alajarvenankkurit.fi\/yleisurheilu\/wp-content\/uploads\/sites\/2\/2022\/05\/T15_N17_Lahto_20220514-300x225.jpeg 300w, https:\/\/www.alajarvenankkurit.fi\/yleisurheilu\/wp-content\/uploads\/sites\/2\/2022\/05\/T15_N17_Lahto_20220514-768x576.jpeg 768w\" sizes=\"auto, (max-width: 767px) 89vw, (max-width: 1000px) 54vw, (max-width: 1071px) 543px, 580px\" \/><\/figure>\n<\/figure>\n\n\n\n<p><\/p>\n","protected":false},"excerpt":{"rendered":"<p>Etel\u00e4-Pohjanmaan piirin maastojuoksut j\u00e4rjestettiin 14.5. Teuvalla upeissa puitteissa ja s\u00e4\u00e4ss\u00e4. Ilona Takala oli j\u00e4lleen vahvassa vireess\u00e4 ja voitti N17 sarjan noin 4 km matkan ylivoimaisesti ajalla 15.53! H\u00e4nell\u00e4 on t\u00e4lt\u00e4 kev\u00e4\u00e4lt\u00e4 taskussaan jo maantiejuoksun piirinmestaruus ja mainio 15. sija SM maastoista. Liinu J\u00e4rvinen juoksi my\u00f6s hyvin sijoittuen piirin nelj\u00e4nneksi samassa sarjassa. Molemmat tyt\u00f6t voivat osallistua &hellip; <\/p>\n<p class=\"link-more\"><a href=\"https:\/\/www.alajarvenankkurit.fi\/yleisurheilu\/tuloksia\/2022\/piirinmestaruusmaastot-2022-ilonalle-kultaa\/\" class=\"more-link\">Jatka lukemista<span class=\"screen-reader-text\"> &#8221;Piirinmestaruusmaastot 2022 &#8211; Ilonalle kultaa!&#8221;<\/span><\/a><\/p>\n","protected":false},"author":5,"featured_media":0,"comment_status":"closed","ping_status":"open","sticky":false,"template":"","format":"standard","meta":{"footnotes":""},"categories":[42],"tags":[],"class_list":["post-3780","post","type-post","status-publish","format-standard","hentry","category-42"],"_links":{"self":[{"href":"https:\/\/www.alajarvenankkurit.fi\/yleisurheilu\/wp-json\/wp\/v2\/posts\/3780","targetHints":{"allow":["GET"]}}],"collection":[{"href":"https:\/\/www.alajarvenankkurit.fi\/yleisurheilu\/wp-json\/wp\/v2\/posts"}],"about":[{"href":"https:\/\/www.alajarvenankkurit.fi\/yleisurheilu\/wp-json\/wp\/v2\/types\/post"}],"author":[{"embeddable":true,"href":"https:\/\/www.alajarvenankkurit.fi\/yleisurheilu\/wp-json\/wp\/v2\/users\/5"}],"replies":[{"embeddable":true,"href":"https:\/\/www.alajarvenankkurit.fi\/yleisurheilu\/wp-json\/wp\/v2\/comments?post=3780"}],"version-history":[{"count":5,"href":"https:\/\/www.alajarvenankkurit.fi\/yleisurheilu\/wp-json\/wp\/v2\/posts\/3780\/revisions"}],"predecessor-version":[{"id":3794,"href":"https:\/\/www.alajarvenankkurit.fi\/yleisurheilu\/wp-json\/wp\/v2\/posts\/3780\/revisions\/3794"}],"wp:attachment":[{"href":"https:\/\/www.alajarvenankkurit.fi\/yleisurheilu\/wp-json\/wp\/v2\/media?parent=3780"}],"wp:term":[{"taxonomy":"category","embeddable":true,"href":"https:\/\/www.alajarvenankkurit.fi\/yleisurheilu\/wp-json\/wp\/v2\/categories?post=3780"},{"taxonomy":"post_tag","embeddable":true,"href":"https:\/\/www.alajarvenankkurit.fi\/yleisurheilu\/wp-json\/wp\/v2\/tags?post=3780"}],"curies":[{"name":"wp","href":"https:\/\/api.w.org\/{rel}","templated":true}]}}