{"id":3644,"date":"2022-04-10T22:35:06","date_gmt":"2022-04-10T19:35:06","guid":{"rendered":"https:\/\/www.alajarvenankkurit.fi\/yleisurheilu\/?p=3644"},"modified":"2022-11-20T11:34:59","modified_gmt":"2022-11-20T09:34:59","slug":"ulkokausi-2022-avattu-ilona-jalleen-maantiemestari","status":"publish","type":"post","link":"https:\/\/www.alajarvenankkurit.fi\/yleisurheilu\/tuloksia\/2022\/ulkokausi-2022-avattu-ilona-jalleen-maantiemestari\/","title":{"rendered":"Ulkokausi 2022 avattu &#8211; Ilona j\u00e4lleen maantiemestari!"},"content":{"rendered":"\n<p>Kovinkaan kev\u00e4iselt\u00e4 ei s\u00e4\u00e4 n\u00e4ytt\u00e4nyt, kun Kauhajoella jaettiin ensimm\u00e4iset ulkokauden piirinmestaruudet ja sisupisteet. Lumikuurojen ja tuulen s\u00e4est\u00e4m\u00e4n\u00e4 maantiejuoksuissa kilpaili noin 70 juoksijaa aina 9-vuotiaista aikuisiin. Alaj\u00e4rven Ankkureista matkaan l\u00e4hti kolme kovakuntoista juoksijaa ja kaikki palasivat kotiin mitali kaulassaan! <strong>Ilona Takala<\/strong> uusi komeasti viimevuotisen mestaruuden, vaikka h\u00e4n kilpaili nyt jo N17-sarjassa ja matkaakin (7,3 km) oli kaksinverroin viime vuoteen verrattuna. <strong>Liinu J\u00e4rvinen<\/strong> juoksi upeasti saman sarjan hopealle. <strong>Viola Takala<\/strong> juoksi mainiosti T15 -sarjan 3,7 km matkan ja sai palkinnokseen hopeisen mitalin. Onnittelut! Tulokset <a href=\"https:\/\/www.tilastopaja.eu\/fi\/db\/tulokset_old.php?ulog=26049\" target=\"_blank\" rel=\"noreferrer noopener\">t\u00e4st\u00e4 linkist\u00e4<\/a>!<\/p>\n\n\n\n<figure class=\"wp-block-gallery has-nested-images columns-default is-cropped wp-block-gallery-1 is-layout-flex wp-block-gallery-is-layout-flex\">\n<figure class=\"wp-block-image size-large\"><img loading=\"lazy\" decoding=\"async\" width=\"1024\" height=\"768\" data-id=\"3645\" src=\"https:\/\/www.alajarvenankkurit.fi\/yleisurheilu\/wp-content\/uploads\/sites\/2\/2022\/04\/WhatsApp-Image-2022-04-10-at-14.13.24.jpeg\" alt=\"\" class=\"wp-image-3645\" srcset=\"https:\/\/www.alajarvenankkurit.fi\/yleisurheilu\/wp-content\/uploads\/sites\/2\/2022\/04\/WhatsApp-Image-2022-04-10-at-14.13.24.jpeg 1024w, https:\/\/www.alajarvenankkurit.fi\/yleisurheilu\/wp-content\/uploads\/sites\/2\/2022\/04\/WhatsApp-Image-2022-04-10-at-14.13.24-300x225.jpeg 300w, https:\/\/www.alajarvenankkurit.fi\/yleisurheilu\/wp-content\/uploads\/sites\/2\/2022\/04\/WhatsApp-Image-2022-04-10-at-14.13.24-768x576.jpeg 768w\" sizes=\"auto, (max-width: 767px) 89vw, (max-width: 1000px) 54vw, (max-width: 1071px) 543px, 580px\" \/><figcaption>Viola kakkospallilla<\/figcaption><\/figure>\n\n\n\n<figure class=\"wp-block-image size-large\"><img loading=\"lazy\" decoding=\"async\" width=\"1024\" height=\"768\" data-id=\"3651\" src=\"https:\/\/www.alajarvenankkurit.fi\/yleisurheilu\/wp-content\/uploads\/sites\/2\/2022\/04\/Mitalistit_Ilona_Liinu.jpeg\" alt=\"\" class=\"wp-image-3651\" srcset=\"https:\/\/www.alajarvenankkurit.fi\/yleisurheilu\/wp-content\/uploads\/sites\/2\/2022\/04\/Mitalistit_Ilona_Liinu.jpeg 1024w, https:\/\/www.alajarvenankkurit.fi\/yleisurheilu\/wp-content\/uploads\/sites\/2\/2022\/04\/Mitalistit_Ilona_Liinu-300x225.jpeg 300w, https:\/\/www.alajarvenankkurit.fi\/yleisurheilu\/wp-content\/uploads\/sites\/2\/2022\/04\/Mitalistit_Ilona_Liinu-768x576.jpeg 768w\" sizes=\"auto, (max-width: 767px) 89vw, (max-width: 1000px) 54vw, (max-width: 1071px) 543px, 580px\" \/><figcaption>Mitalistit Ilona ja Liinu<\/figcaption><\/figure>\n\n\n\n<figure class=\"wp-block-image size-large\"><img loading=\"lazy\" decoding=\"async\" width=\"768\" height=\"1024\" data-id=\"3646\" src=\"https:\/\/www.alajarvenankkurit.fi\/yleisurheilu\/wp-content\/uploads\/sites\/2\/2022\/04\/WhatsApp-Image-2022-04-10-at-14.13.22.jpeg\" alt=\"\" class=\"wp-image-3646\" srcset=\"https:\/\/www.alajarvenankkurit.fi\/yleisurheilu\/wp-content\/uploads\/sites\/2\/2022\/04\/WhatsApp-Image-2022-04-10-at-14.13.22.jpeg 768w, https:\/\/www.alajarvenankkurit.fi\/yleisurheilu\/wp-content\/uploads\/sites\/2\/2022\/04\/WhatsApp-Image-2022-04-10-at-14.13.22-225x300.jpeg 225w\" sizes=\"auto, (max-width: 767px) 89vw, (max-width: 1000px) 54vw, (max-width: 1071px) 543px, 580px\" \/><figcaption>Liinu, Ilona ja Viola<\/figcaption><\/figure>\n<\/figure>\n\n\n\n<p><\/p>\n","protected":false},"excerpt":{"rendered":"<p>Kovinkaan kev\u00e4iselt\u00e4 ei s\u00e4\u00e4 n\u00e4ytt\u00e4nyt, kun Kauhajoella jaettiin ensimm\u00e4iset ulkokauden piirinmestaruudet ja sisupisteet. Lumikuurojen ja tuulen s\u00e4est\u00e4m\u00e4n\u00e4 maantiejuoksuissa kilpaili noin 70 juoksijaa aina 9-vuotiaista aikuisiin. Alaj\u00e4rven Ankkureista matkaan l\u00e4hti kolme kovakuntoista juoksijaa ja kaikki palasivat kotiin mitali kaulassaan! Ilona Takala uusi komeasti viimevuotisen mestaruuden, vaikka h\u00e4n kilpaili nyt jo N17-sarjassa ja matkaakin (7,3 km) oli &hellip; <\/p>\n<p class=\"link-more\"><a href=\"https:\/\/www.alajarvenankkurit.fi\/yleisurheilu\/tuloksia\/2022\/ulkokausi-2022-avattu-ilona-jalleen-maantiemestari\/\" class=\"more-link\">Jatka lukemista<span class=\"screen-reader-text\"> &#8221;Ulkokausi 2022 avattu &#8211; Ilona j\u00e4lleen maantiemestari!&#8221;<\/span><\/a><\/p>\n","protected":false},"author":5,"featured_media":0,"comment_status":"closed","ping_status":"open","sticky":false,"template":"","format":"standard","meta":{"footnotes":""},"categories":[42],"tags":[],"class_list":["post-3644","post","type-post","status-publish","format-standard","hentry","category-42"],"_links":{"self":[{"href":"https:\/\/www.alajarvenankkurit.fi\/yleisurheilu\/wp-json\/wp\/v2\/posts\/3644","targetHints":{"allow":["GET"]}}],"collection":[{"href":"https:\/\/www.alajarvenankkurit.fi\/yleisurheilu\/wp-json\/wp\/v2\/posts"}],"about":[{"href":"https:\/\/www.alajarvenankkurit.fi\/yleisurheilu\/wp-json\/wp\/v2\/types\/post"}],"author":[{"embeddable":true,"href":"https:\/\/www.alajarvenankkurit.fi\/yleisurheilu\/wp-json\/wp\/v2\/users\/5"}],"replies":[{"embeddable":true,"href":"https:\/\/www.alajarvenankkurit.fi\/yleisurheilu\/wp-json\/wp\/v2\/comments?post=3644"}],"version-history":[{"count":8,"href":"https:\/\/www.alajarvenankkurit.fi\/yleisurheilu\/wp-json\/wp\/v2\/posts\/3644\/revisions"}],"predecessor-version":[{"id":3675,"href":"https:\/\/www.alajarvenankkurit.fi\/yleisurheilu\/wp-json\/wp\/v2\/posts\/3644\/revisions\/3675"}],"wp:attachment":[{"href":"https:\/\/www.alajarvenankkurit.fi\/yleisurheilu\/wp-json\/wp\/v2\/media?parent=3644"}],"wp:term":[{"taxonomy":"category","embeddable":true,"href":"https:\/\/www.alajarvenankkurit.fi\/yleisurheilu\/wp-json\/wp\/v2\/categories?post=3644"},{"taxonomy":"post_tag","embeddable":true,"href":"https:\/\/www.alajarvenankkurit.fi\/yleisurheilu\/wp-json\/wp\/v2\/tags?post=3644"}],"curies":[{"name":"wp","href":"https:\/\/api.w.org\/{rel}","templated":true}]}}