{"id":2805,"date":"2021-09-12T22:53:15","date_gmt":"2021-09-12T19:53:15","guid":{"rendered":"https:\/\/www.alajarvenankkurit.fi\/yleisurheilu\/?p=2805"},"modified":"2021-10-31T20:22:52","modified_gmt":"2021-10-31T18:22:52","slug":"ankkuritytot-sm-viesteissa-aitajuoksussa-sm-6","status":"publish","type":"post","link":"https:\/\/www.alajarvenankkurit.fi\/yleisurheilu\/tuloksia\/2021\/ankkuritytot-sm-viesteissa-aitajuoksussa-sm-6\/","title":{"rendered":"Ankkurityt\u00f6t SM-viesteiss\u00e4 &#8211; aitajuoksussa SM 6!"},"content":{"rendered":"\n<p>Raatin Stadion Oulussa ker\u00e4si 11.-12.9.2021 toistatuhatta urheilijaa SM-viesteihin. Ankkureiden vahva 14-15 -vuotiaiden tytt\u00f6jen ik\u00e4luokka osallistui kaikkiin kolmeen 15-vuotiaiden viestimatkaan ja menestyksek\u00e4s yleisurheilukes\u00e4 sai arvoisensa p\u00e4\u00e4t\u00f6ksen. Edellisest\u00e4 Alaj\u00e4rven Ankkureiden SM-viestikilpailusta ehtikin vier\u00e4ht\u00e4\u00e4 per\u00e4ti 17 vuotta!<\/p>\n\n\n\n<p>Ensimm\u00e4isen\u00e4 matkana juostu 4&#215;80 m aitajuoksuviesti kulki mainiosti ja tyt\u00f6t p\u00e4\u00e4siv\u00e4t alkuerien kautta finaaliin, jossa sijoittuivat 28 joukkueen kilpailussa upeasti sijalle 6! Joukkueessa juoksivat <strong>Sara Vuorela<\/strong>, <strong>Anniina Viitasaari<\/strong>, <strong>Milja-Maria Lahti<\/strong> ja <strong>Katariina Lepp\u00e4aho<\/strong>. Aitajuoksujen v\u00e4liss\u00e4 juostiin my\u00f6s 4x100m pikaviesti, jossa tyt\u00f6t j\u00e4iv\u00e4t 52 joukkueen joukossa finaalipaikasta vaivaiset 0,2 s. T\u00e4ss\u00e4 viestiss\u00e4 <strong>Ilona Takala<\/strong> korvasi Anniinan. Sunnuntain ohjelmassa oli 4&#215;800 m viesti ja sateisessa s\u00e4\u00e4ss\u00e4 juoksivat Katariinan ja Ilonan lis\u00e4ksi <strong>Emmi Piispanen<\/strong> ja <strong>Liinu J\u00e4rvinen<\/strong>. Joukkueita oli kaikkiaan 20 ja tyt\u00f6t sijoittuivat mainiosti sijalle 10. Joukkueet juoksivat samoilla kokoonpanoilla jo Sisuviesteiss\u00e4 elokuussa ja paransivat nyt aikojaan reilusti joka matkalla! Valmentajina matkalla h\u00e4\u00e4riv\u00e4t Harri Lepp\u00e4aho ja Jani Vuorela. Kaikki tulokset Tilastopajassa <a rel=\"noreferrer noopener\" href=\"https:\/\/www.tilastopaja.eu\/fi\/db\/tulokset.php?CID=84987\" data-type=\"URL\" data-id=\"https:\/\/www.tilastopaja.eu\/fi\/db\/tulokset.php?CID=84987\" target=\"_blank\">t\u00e4st\u00e4 linkist\u00e4<\/a>. (Kuvat Jani Vuorela ja Harri Lepp\u00e4aho)<\/p>\n\n\n\n<figure class=\"wp-block-gallery columns-2 is-cropped wp-block-gallery-1 is-layout-flex wp-block-gallery-is-layout-flex\"><ul class=\"blocks-gallery-grid\"><li class=\"blocks-gallery-item\"><figure><a href=\"https:\/\/www.alajarvenankkurit.fi\/yleisurheilu\/wp-content\/uploads\/sites\/2\/2021\/09\/Aamuverkka.jpg\"><img loading=\"lazy\" decoding=\"async\" width=\"579\" height=\"470\" src=\"https:\/\/www.alajarvenankkurit.fi\/yleisurheilu\/wp-content\/uploads\/sites\/2\/2021\/09\/Aamuverkka.jpg\" alt=\"\" data-id=\"2807\" data-link=\"https:\/\/www.alajarvenankkurit.fi\/yleisurheilu\/?attachment_id=2807\" class=\"wp-image-2807\" srcset=\"https:\/\/www.alajarvenankkurit.fi\/yleisurheilu\/wp-content\/uploads\/sites\/2\/2021\/09\/Aamuverkka.jpg 579w, https:\/\/www.alajarvenankkurit.fi\/yleisurheilu\/wp-content\/uploads\/sites\/2\/2021\/09\/Aamuverkka-300x244.jpg 300w\" sizes=\"auto, (max-width: 579px) 100vw, 579px\" \/><\/a><figcaption class=\"blocks-gallery-item__caption\">Aitajuoksijat aamuverkalla<\/figcaption><\/figure><\/li><li class=\"blocks-gallery-item\"><figure><a href=\"https:\/\/www.alajarvenankkurit.fi\/yleisurheilu\/wp-content\/uploads\/sites\/2\/2021\/09\/T15_4x800.jpg\"><img loading=\"lazy\" decoding=\"async\" width=\"929\" height=\"773\" src=\"https:\/\/www.alajarvenankkurit.fi\/yleisurheilu\/wp-content\/uploads\/sites\/2\/2021\/09\/T15_4x800.jpg\" alt=\"\" data-id=\"2808\" data-link=\"https:\/\/www.alajarvenankkurit.fi\/yleisurheilu\/?attachment_id=2808\" class=\"wp-image-2808\" srcset=\"https:\/\/www.alajarvenankkurit.fi\/yleisurheilu\/wp-content\/uploads\/sites\/2\/2021\/09\/T15_4x800.jpg 929w, https:\/\/www.alajarvenankkurit.fi\/yleisurheilu\/wp-content\/uploads\/sites\/2\/2021\/09\/T15_4x800-300x250.jpg 300w, https:\/\/www.alajarvenankkurit.fi\/yleisurheilu\/wp-content\/uploads\/sites\/2\/2021\/09\/T15_4x800-768x639.jpg 768w\" sizes=\"auto, (max-width: 767px) 89vw, (max-width: 1000px) 54vw, (max-width: 1071px) 543px, 580px\" \/><\/a><figcaption class=\"blocks-gallery-item__caption\">4&#215;800 m joukkue<\/figcaption><\/figure><\/li><li class=\"blocks-gallery-item\"><figure><a href=\"https:\/\/www.alajarvenankkurit.fi\/yleisurheilu\/wp-content\/uploads\/sites\/2\/2021\/09\/T15_4x100.jpg\"><img loading=\"lazy\" decoding=\"async\" width=\"705\" height=\"564\" src=\"https:\/\/www.alajarvenankkurit.fi\/yleisurheilu\/wp-content\/uploads\/sites\/2\/2021\/09\/T15_4x100.jpg\" alt=\"\" data-id=\"2809\" data-link=\"https:\/\/www.alajarvenankkurit.fi\/yleisurheilu\/?attachment_id=2809\" class=\"wp-image-2809\" srcset=\"https:\/\/www.alajarvenankkurit.fi\/yleisurheilu\/wp-content\/uploads\/sites\/2\/2021\/09\/T15_4x100.jpg 705w, https:\/\/www.alajarvenankkurit.fi\/yleisurheilu\/wp-content\/uploads\/sites\/2\/2021\/09\/T15_4x100-300x240.jpg 300w\" sizes=\"auto, (max-width: 705px) 100vw, 705px\" \/><\/a><figcaption class=\"blocks-gallery-item__caption\">4&#215;100 m joukkue<\/figcaption><\/figure><\/li><li class=\"blocks-gallery-item\"><figure><a href=\"https:\/\/www.alajarvenankkurit.fi\/yleisurheilu\/wp-content\/uploads\/sites\/2\/2021\/09\/T15_aitajuoksu.jpg\"><img loading=\"lazy\" decoding=\"async\" width=\"660\" height=\"544\" src=\"https:\/\/www.alajarvenankkurit.fi\/yleisurheilu\/wp-content\/uploads\/sites\/2\/2021\/09\/T15_aitajuoksu.jpg\" alt=\"\" data-id=\"2810\" data-full-url=\"https:\/\/www.alajarvenankkurit.fi\/yleisurheilu\/wp-content\/uploads\/sites\/2\/2021\/09\/T15_aitajuoksu.jpg\" data-link=\"https:\/\/www.alajarvenankkurit.fi\/yleisurheilu\/?attachment_id=2810\" class=\"wp-image-2810\" srcset=\"https:\/\/www.alajarvenankkurit.fi\/yleisurheilu\/wp-content\/uploads\/sites\/2\/2021\/09\/T15_aitajuoksu.jpg 660w, https:\/\/www.alajarvenankkurit.fi\/yleisurheilu\/wp-content\/uploads\/sites\/2\/2021\/09\/T15_aitajuoksu-300x247.jpg 300w\" sizes=\"auto, (max-width: 660px) 100vw, 660px\" \/><\/a><figcaption class=\"blocks-gallery-item__caption\">Aitajuoksu juostaan sukkulaviestin\u00e4<\/figcaption><\/figure><\/li><\/ul><\/figure>\n","protected":false},"excerpt":{"rendered":"<p>Raatin Stadion Oulussa ker\u00e4si 11.-12.9.2021 toistatuhatta urheilijaa SM-viesteihin. Ankkureiden vahva 14-15 -vuotiaiden tytt\u00f6jen ik\u00e4luokka osallistui kaikkiin kolmeen 15-vuotiaiden viestimatkaan ja menestyksek\u00e4s yleisurheilukes\u00e4 sai arvoisensa p\u00e4\u00e4t\u00f6ksen. Edellisest\u00e4 Alaj\u00e4rven Ankkureiden SM-viestikilpailusta ehtikin vier\u00e4ht\u00e4\u00e4 per\u00e4ti 17 vuotta! Ensimm\u00e4isen\u00e4 matkana juostu 4&#215;80 m aitajuoksuviesti kulki mainiosti ja tyt\u00f6t p\u00e4\u00e4siv\u00e4t alkuerien kautta finaaliin, jossa sijoittuivat 28 joukkueen kilpailussa upeasti sijalle &hellip; <\/p>\n<p class=\"link-more\"><a href=\"https:\/\/www.alajarvenankkurit.fi\/yleisurheilu\/tuloksia\/2021\/ankkuritytot-sm-viesteissa-aitajuoksussa-sm-6\/\" class=\"more-link\">Jatka lukemista<span class=\"screen-reader-text\"> &#8221;Ankkurityt\u00f6t SM-viesteiss\u00e4 &#8211; aitajuoksussa SM 6!&#8221;<\/span><\/a><\/p>\n","protected":false},"author":5,"featured_media":0,"comment_status":"closed","ping_status":"open","sticky":false,"template":"","format":"standard","meta":{"footnotes":""},"categories":[37],"tags":[],"class_list":["post-2805","post","type-post","status-publish","format-standard","hentry","category-37"],"_links":{"self":[{"href":"https:\/\/www.alajarvenankkurit.fi\/yleisurheilu\/wp-json\/wp\/v2\/posts\/2805","targetHints":{"allow":["GET"]}}],"collection":[{"href":"https:\/\/www.alajarvenankkurit.fi\/yleisurheilu\/wp-json\/wp\/v2\/posts"}],"about":[{"href":"https:\/\/www.alajarvenankkurit.fi\/yleisurheilu\/wp-json\/wp\/v2\/types\/post"}],"author":[{"embeddable":true,"href":"https:\/\/www.alajarvenankkurit.fi\/yleisurheilu\/wp-json\/wp\/v2\/users\/5"}],"replies":[{"embeddable":true,"href":"https:\/\/www.alajarvenankkurit.fi\/yleisurheilu\/wp-json\/wp\/v2\/comments?post=2805"}],"version-history":[{"count":10,"href":"https:\/\/www.alajarvenankkurit.fi\/yleisurheilu\/wp-json\/wp\/v2\/posts\/2805\/revisions"}],"predecessor-version":[{"id":2967,"href":"https:\/\/www.alajarvenankkurit.fi\/yleisurheilu\/wp-json\/wp\/v2\/posts\/2805\/revisions\/2967"}],"wp:attachment":[{"href":"https:\/\/www.alajarvenankkurit.fi\/yleisurheilu\/wp-json\/wp\/v2\/media?parent=2805"}],"wp:term":[{"taxonomy":"category","embeddable":true,"href":"https:\/\/www.alajarvenankkurit.fi\/yleisurheilu\/wp-json\/wp\/v2\/categories?post=2805"},{"taxonomy":"post_tag","embeddable":true,"href":"https:\/\/www.alajarvenankkurit.fi\/yleisurheilu\/wp-json\/wp\/v2\/tags?post=2805"}],"curies":[{"name":"wp","href":"https:\/\/api.w.org\/{rel}","templated":true}]}}