{"id":2777,"date":"2021-09-05T18:29:49","date_gmt":"2021-09-05T15:29:49","guid":{"rendered":"https:\/\/www.alajarvenankkurit.fi\/yleisurheilu\/?p=2777"},"modified":"2021-09-06T07:31:33","modified_gmt":"2021-09-06T04:31:33","slug":"ankkurijoukkue-seuracupin-finaalissa-2","status":"publish","type":"post","link":"https:\/\/www.alajarvenankkurit.fi\/yleisurheilu\/tuloksia\/2021\/ankkurijoukkue-seuracupin-finaalissa-2\/","title":{"rendered":"Ankkurijoukkue Seuracupin finaalissa!"},"content":{"rendered":"\n<p>Alaj\u00e4rven nuoret kilpailivat mainiosti Pohjola Seuracupin A-sarjan finaalissa, joka j\u00e4rjestettiin 4.9.2021 Laitilassa. Nuori 23 urheilijan joukkue taisteli lopullisen sijoituksen sijalle 11, kun kahden piirikisan j\u00e4lkeen sijoitus oli 16. T\u00e4yden joukkueen koko t\u00e4ss\u00e4 11-17 -vuotiaiden kilpailussa on 32, joten monta lajia j\u00e4i kokonaan t\u00e4ytt\u00e4m\u00e4tt\u00e4. Useat nuoret kilpailivat lis\u00e4ksi vanhemmissa sarjoissa ja itselleen vieraamissa lajeissa. T\u00e4st\u00e4 huolimatta iloiset urheilijat hankkivat toisiaan tsempaten sijoituspisteit\u00e4 tasaiseen tahtiin tuloksena hienoja venymisi\u00e4 ja kaikkiaan per\u00e4ti 12 omaa enn\u00e4tyst\u00e4!  Tulokset <a rel=\"noreferrer noopener\" href=\"https:\/\/www.tilastopaja.eu\/fi\/db\/tulokset.php?CID=84720\" data-type=\"URL\" data-id=\"https:\/\/www.tilastopaja.eu\/fi\/db\/tulokset.php?CID=84720\" target=\"_blank\">t\u00e4st\u00e4 linkist\u00e4<\/a>.<\/p>\n\n\n\n<p>P\u00e4iv\u00e4n komeimmasta suorituksesta vastasi <strong>Hanna Siiril\u00e4<\/strong>, joka tempaisi T13 sarjan moukarin lajivoiton  ja paranti samalla omissa nimiss\u00e4\u00e4n ollutta 12-vuotiaiden kauden kotimaista k\u00e4rkitulosta ja Ankkureiden seuraenn\u00e4tyst\u00e4 lukemiin 43,57 m. Toisen arvokkaan lajivoiton otti <strong>Ilona Takala<\/strong> T15 seip\u00e4\u00e4ss\u00e4 tuloksella 280, joka sivusi h\u00e4nen omaa enn\u00e4tyst\u00e4\u00e4n.  Hyv\u00e4t sijoitukset nappasivat my\u00f6s <strong>Seliina Kuoppa-aho<\/strong> (T15 sarjan 1000 m k\u00e4velyss\u00e4 2.), <strong>Nelly Sillanp\u00e4\u00e4<\/strong> (T11 sarjan keih\u00e4\u00e4ss\u00e4 3.) ja <strong>Milja-Maria Lahti <\/strong>(T15 sarjan 100 metrill\u00e4 3.). <strong>Olavi Yli-Mannila<\/strong> j\u00e4tti j\u00e4\u00e4hyv\u00e4iset (M17 kuulassa 4.) edustettuaan Ankkureita per\u00e4ti 9 kes\u00e4n\u00e4 seuracupin kilpailuissa. Kaikki muutkin Ankkuriedustajat hoitivat suorituksensa varsin mallikkaasti!<\/p>\n\n\n\n<p>Seuracupin finaalin ehdoton kohokohta on viimeisen\u00e4 lajina juostava sukkulaviesti, johon tarvitaan jokaisesta nelj\u00e4st\u00e4 ik\u00e4sarjasta 2 tytt\u00f6\u00e4 ja poikaa. Ankkurit p\u00e4\u00e4si mukaan t\u00e4h\u00e4n j\u00e4nnitt\u00e4v\u00e4\u00e4n ja hauskaan viestiin korvaamalla puuttuvia poikia tyt\u00f6ill\u00e4. Tsempparina palkittiin <strong>Elias Onditi<\/strong>, joka oli uurastanut kaikissa kuluneen kes\u00e4n seuracupin kisoissa valmiina lajiin kuin lajiin. Vaikka matkaan oli l\u00e4hdetty aamulla jo ennen kuutta, niin siit\u00e4 huolimatta iloinen laulu kantoi bussin per\u00e4lt\u00e4 l\u00e4hes koko paluumatkan! (Kuvat Jani Vuorela)<\/p>\n\n\n\n<figure class=\"wp-block-image size-full\"><img loading=\"lazy\" decoding=\"async\" width=\"993\" height=\"469\" src=\"https:\/\/www.alajarvenankkurit.fi\/yleisurheilu\/wp-content\/uploads\/sites\/2\/2021\/09\/Yhteiskuva-1.jpg\" alt=\"\" class=\"wp-image-2786\" srcset=\"https:\/\/www.alajarvenankkurit.fi\/yleisurheilu\/wp-content\/uploads\/sites\/2\/2021\/09\/Yhteiskuva-1.jpg 993w, https:\/\/www.alajarvenankkurit.fi\/yleisurheilu\/wp-content\/uploads\/sites\/2\/2021\/09\/Yhteiskuva-1-300x142.jpg 300w, https:\/\/www.alajarvenankkurit.fi\/yleisurheilu\/wp-content\/uploads\/sites\/2\/2021\/09\/Yhteiskuva-1-768x363.jpg 768w\" sizes=\"auto, (max-width: 767px) 89vw, (max-width: 1000px) 54vw, (max-width: 1071px) 543px, 580px\" \/><figcaption>Iloiset Ankkurinuoret paluumatkalla Osmo Ahon bussilla. Kuvasta puuttuvat Nelly Sillanp\u00e4\u00e4, Emmi ja Henri Pitk\u00e4kangas, Hanna Siiril\u00e4 ja Olavi Yli-Mannila. <\/figcaption><\/figure>\n\n\n\n<figure class=\"wp-block-gallery columns-2 is-cropped wp-block-gallery-1 is-layout-flex wp-block-gallery-is-layout-flex\"><ul class=\"blocks-gallery-grid\"><li class=\"blocks-gallery-item\"><figure><a href=\"https:\/\/www.alajarvenankkurit.fi\/yleisurheilu\/wp-content\/uploads\/sites\/2\/2021\/09\/Nuorimmat_tytot.jpg\"><img loading=\"lazy\" decoding=\"async\" width=\"723\" height=\"498\" src=\"https:\/\/www.alajarvenankkurit.fi\/yleisurheilu\/wp-content\/uploads\/sites\/2\/2021\/09\/Nuorimmat_tytot.jpg\" alt=\"\" data-id=\"2782\" data-link=\"https:\/\/www.alajarvenankkurit.fi\/yleisurheilu\/?attachment_id=2782\" class=\"wp-image-2782\" srcset=\"https:\/\/www.alajarvenankkurit.fi\/yleisurheilu\/wp-content\/uploads\/sites\/2\/2021\/09\/Nuorimmat_tytot.jpg 723w, https:\/\/www.alajarvenankkurit.fi\/yleisurheilu\/wp-content\/uploads\/sites\/2\/2021\/09\/Nuorimmat_tytot-300x207.jpg 300w\" sizes=\"auto, (max-width: 723px) 100vw, 723px\" \/><\/a><figcaption class=\"blocks-gallery-item__caption\">Aada, Jenica, Eerika ja Roosa<\/figcaption><\/figure><\/li><li class=\"blocks-gallery-item\"><figure><a href=\"https:\/\/www.alajarvenankkurit.fi\/yleisurheilu\/wp-content\/uploads\/sites\/2\/2021\/09\/Iloiset_tytot.jpg\"><img loading=\"lazy\" decoding=\"async\" width=\"678\" height=\"497\" src=\"https:\/\/www.alajarvenankkurit.fi\/yleisurheilu\/wp-content\/uploads\/sites\/2\/2021\/09\/Iloiset_tytot.jpg\" alt=\"\" data-id=\"2783\" data-link=\"https:\/\/www.alajarvenankkurit.fi\/yleisurheilu\/?attachment_id=2783\" class=\"wp-image-2783\" srcset=\"https:\/\/www.alajarvenankkurit.fi\/yleisurheilu\/wp-content\/uploads\/sites\/2\/2021\/09\/Iloiset_tytot.jpg 678w, https:\/\/www.alajarvenankkurit.fi\/yleisurheilu\/wp-content\/uploads\/sites\/2\/2021\/09\/Iloiset_tytot-300x220.jpg 300w\" sizes=\"auto, (max-width: 678px) 100vw, 678px\" \/><\/a><figcaption class=\"blocks-gallery-item__caption\">Emmi, Sara, Liinu ja Ilona<\/figcaption><\/figure><\/li><li class=\"blocks-gallery-item\"><figure><a href=\"https:\/\/www.alajarvenankkurit.fi\/yleisurheilu\/wp-content\/uploads\/sites\/2\/2021\/09\/Tsemppari_Elias_vaaka.jpg\"><img loading=\"lazy\" decoding=\"async\" width=\"881\" height=\"729\" src=\"https:\/\/www.alajarvenankkurit.fi\/yleisurheilu\/wp-content\/uploads\/sites\/2\/2021\/09\/Tsemppari_Elias_vaaka.jpg\" alt=\"\" data-id=\"2784\" data-link=\"https:\/\/www.alajarvenankkurit.fi\/yleisurheilu\/?attachment_id=2784\" class=\"wp-image-2784\" srcset=\"https:\/\/www.alajarvenankkurit.fi\/yleisurheilu\/wp-content\/uploads\/sites\/2\/2021\/09\/Tsemppari_Elias_vaaka.jpg 881w, https:\/\/www.alajarvenankkurit.fi\/yleisurheilu\/wp-content\/uploads\/sites\/2\/2021\/09\/Tsemppari_Elias_vaaka-300x248.jpg 300w, https:\/\/www.alajarvenankkurit.fi\/yleisurheilu\/wp-content\/uploads\/sites\/2\/2021\/09\/Tsemppari_Elias_vaaka-768x635.jpg 768w\" sizes=\"auto, (max-width: 767px) 89vw, (max-width: 1000px) 54vw, (max-width: 1071px) 543px, 580px\" \/><\/a><figcaption class=\"blocks-gallery-item__caption\">Tsemppari Elias<\/figcaption><\/figure><\/li><li class=\"blocks-gallery-item\"><figure><a href=\"https:\/\/www.alajarvenankkurit.fi\/yleisurheilu\/wp-content\/uploads\/sites\/2\/2021\/09\/strategiapalaveri.jpg\"><img loading=\"lazy\" decoding=\"async\" width=\"834\" height=\"509\" src=\"https:\/\/www.alajarvenankkurit.fi\/yleisurheilu\/wp-content\/uploads\/sites\/2\/2021\/09\/strategiapalaveri.jpg\" alt=\"\" data-id=\"2785\" data-full-url=\"https:\/\/www.alajarvenankkurit.fi\/yleisurheilu\/wp-content\/uploads\/sites\/2\/2021\/09\/strategiapalaveri.jpg\" data-link=\"https:\/\/www.alajarvenankkurit.fi\/yleisurheilu\/?attachment_id=2785\" class=\"wp-image-2785\" srcset=\"https:\/\/www.alajarvenankkurit.fi\/yleisurheilu\/wp-content\/uploads\/sites\/2\/2021\/09\/strategiapalaveri.jpg 834w, https:\/\/www.alajarvenankkurit.fi\/yleisurheilu\/wp-content\/uploads\/sites\/2\/2021\/09\/strategiapalaveri-300x183.jpg 300w, https:\/\/www.alajarvenankkurit.fi\/yleisurheilu\/wp-content\/uploads\/sites\/2\/2021\/09\/strategiapalaveri-768x469.jpg 768w\" sizes=\"auto, (max-width: 767px) 89vw, (max-width: 1000px) 54vw, (max-width: 1071px) 543px, 580px\" \/><\/a><figcaption class=\"blocks-gallery-item__caption\">Ilona, Emilia, Emmi ja Viola<\/figcaption><\/figure><\/li><\/ul><\/figure>\n","protected":false},"excerpt":{"rendered":"<p>Alaj\u00e4rven nuoret kilpailivat mainiosti Pohjola Seuracupin A-sarjan finaalissa, joka j\u00e4rjestettiin 4.9.2021 Laitilassa. Nuori 23 urheilijan joukkue taisteli lopullisen sijoituksen sijalle 11, kun kahden piirikisan j\u00e4lkeen sijoitus oli 16. T\u00e4yden joukkueen koko t\u00e4ss\u00e4 11-17 -vuotiaiden kilpailussa on 32, joten monta lajia j\u00e4i kokonaan t\u00e4ytt\u00e4m\u00e4tt\u00e4. Useat nuoret kilpailivat lis\u00e4ksi vanhemmissa sarjoissa ja itselleen vieraamissa lajeissa. T\u00e4st\u00e4 huolimatta &hellip; <\/p>\n<p class=\"link-more\"><a href=\"https:\/\/www.alajarvenankkurit.fi\/yleisurheilu\/tuloksia\/2021\/ankkurijoukkue-seuracupin-finaalissa-2\/\" class=\"more-link\">Jatka lukemista<span class=\"screen-reader-text\"> &#8221;Ankkurijoukkue Seuracupin finaalissa!&#8221;<\/span><\/a><\/p>\n","protected":false},"author":5,"featured_media":0,"comment_status":"closed","ping_status":"open","sticky":false,"template":"","format":"standard","meta":{"footnotes":""},"categories":[37],"tags":[],"class_list":["post-2777","post","type-post","status-publish","format-standard","hentry","category-37"],"_links":{"self":[{"href":"https:\/\/www.alajarvenankkurit.fi\/yleisurheilu\/wp-json\/wp\/v2\/posts\/2777","targetHints":{"allow":["GET"]}}],"collection":[{"href":"https:\/\/www.alajarvenankkurit.fi\/yleisurheilu\/wp-json\/wp\/v2\/posts"}],"about":[{"href":"https:\/\/www.alajarvenankkurit.fi\/yleisurheilu\/wp-json\/wp\/v2\/types\/post"}],"author":[{"embeddable":true,"href":"https:\/\/www.alajarvenankkurit.fi\/yleisurheilu\/wp-json\/wp\/v2\/users\/5"}],"replies":[{"embeddable":true,"href":"https:\/\/www.alajarvenankkurit.fi\/yleisurheilu\/wp-json\/wp\/v2\/comments?post=2777"}],"version-history":[{"count":7,"href":"https:\/\/www.alajarvenankkurit.fi\/yleisurheilu\/wp-json\/wp\/v2\/posts\/2777\/revisions"}],"predecessor-version":[{"id":2799,"href":"https:\/\/www.alajarvenankkurit.fi\/yleisurheilu\/wp-json\/wp\/v2\/posts\/2777\/revisions\/2799"}],"wp:attachment":[{"href":"https:\/\/www.alajarvenankkurit.fi\/yleisurheilu\/wp-json\/wp\/v2\/media?parent=2777"}],"wp:term":[{"taxonomy":"category","embeddable":true,"href":"https:\/\/www.alajarvenankkurit.fi\/yleisurheilu\/wp-json\/wp\/v2\/categories?post=2777"},{"taxonomy":"post_tag","embeddable":true,"href":"https:\/\/www.alajarvenankkurit.fi\/yleisurheilu\/wp-json\/wp\/v2\/tags?post=2777"}],"curies":[{"name":"wp","href":"https:\/\/api.w.org\/{rel}","templated":true}]}}