{"id":1890,"date":"2020-10-26T23:10:29","date_gmt":"2020-10-26T21:10:29","guid":{"rendered":"https:\/\/www.alajarvenankkurit.fi\/yleisurheilu\/?p=1890"},"modified":"2020-10-27T18:47:34","modified_gmt":"2020-10-27T16:47:34","slug":"seuraennatystehtailua-kesalla-2020","status":"publish","type":"post","link":"https:\/\/www.alajarvenankkurit.fi\/yleisurheilu\/tuloksia\/2020\/seuraennatystehtailua-kesalla-2020\/","title":{"rendered":"Seuraenn\u00e4tystehtailua kes\u00e4ll\u00e4 2020!"},"content":{"rendered":"\n<p>Ankealta yleisurheilukaudelta n\u00e4ytt\u00e4nyt kev\u00e4t k\u00e4\u00e4ntyi kes\u00e4n 2020 edetess\u00e4 varsinaiseksi enn\u00e4tystehtailuksi, mik\u00e4 n\u00e4kyy erityisesti seuran ik\u00e4kausitilastoissa ja seuraenn\u00e4tysten m\u00e4\u00e4riss\u00e4. Erityisesti 11-14 -vuotiaat tyt\u00f6t pistiv\u00e4t tilastoja uuteen uskoon ja takoivat yhteens\u00e4 12 seuraenn\u00e4tyst\u00e4. Lis\u00e4ksi aikuisten sarjoissa syntyi per\u00e4ti nelj\u00e4 uutta seuraenn\u00e4tyst\u00e4! Seuran nuoret urheilijat tekiv\u00e4t kymmenitt\u00e4in uusia merkint\u00f6j\u00e4 tilastoihin, jotka l\u00f6ytyv\u00e4t <a rel=\"noreferrer noopener\" href=\"http:\/\/www.alajarvenankkurit.fi\/yleisurheilu\/tilastot\/\" target=\"_blank\">t\u00e4\u00e4lt\u00e4<\/a>. Seuraenn\u00e4tykset ovat <a rel=\"noreferrer noopener\" href=\"http:\/\/www.alajarvenankkurit.fi\/yleisurheilu\/seuraennatykset\/\" target=\"_blank\">t\u00e4\u00e4ll\u00e4<\/a>. K\u00e4y tutustumassa!<\/p>\n\n\n\n<p>Aikuisten sarjoissa  <strong>Mikko Paavola<\/strong>  paransi nimiss\u00e4\u00e4n ollutta seip\u00e4\u00e4n enn\u00e4tyst\u00e4 lukemiin 546 ja <strong>Juhana Karjanlahti<\/strong> nappasi valmentajaltaan Ilari Huttulalta nimiins\u00e4  moukarin enn\u00e4tyksen, joka siirtyi samalla uudelle kymmenluvulle (61,67). Lis\u00e4ksi <strong>Eucabeth Kivikangas<\/strong> kohensi nimiss\u00e4\u00e4n olleita aikuisten ja N19 -sarjan seitsenottelun enn\u00e4tyksi\u00e4 lukemiin 4698. Nuorten sarjoissa seuraenn\u00e4tyksi\u00e4 tehtailivat: <strong>Hanna Siiril\u00e4 <\/strong>(T11 kiekko, T11 ja T12 moukari), <strong>Sara Vuorela<\/strong> (T13 200 maj), <strong>Emmi Pitk\u00e4kangas<\/strong> (T13 ja T14 moukari), <strong>Katariina Lepp\u00e4aho<\/strong> (T13 viisiottelu ja N17 400 maj), <strong>Ilona Takala<\/strong> (T14 ja T15 1500 m esteet) sek\u00e4 <strong>Seliina Kuoppa-aho<\/strong> (T14 ja T15 kolmiloikka). <\/p>\n\n\n\n<figure class=\"wp-block-gallery columns-2 is-cropped wp-block-gallery-1 is-layout-flex wp-block-gallery-is-layout-flex\"><ul class=\"blocks-gallery-grid\"><li class=\"blocks-gallery-item\"><figure><img loading=\"lazy\" decoding=\"async\" width=\"2048\" height=\"1638\" src=\"https:\/\/www.alajarvenankkurit.fi\/yleisurheilu\/wp-content\/uploads\/sites\/2\/2020\/10\/Aluemestaruuskisat-20200712-720_8540-1.jpg\" alt=\"\" data-id=\"1893\" data-full-url=\"https:\/\/www.alajarvenankkurit.fi\/yleisurheilu\/wp-content\/uploads\/sites\/2\/2020\/10\/Aluemestaruuskisat-20200712-720_8540-1.jpg\" data-link=\"https:\/\/www.alajarvenankkurit.fi\/yleisurheilu\/?attachment_id=1893\" class=\"wp-image-1893\" srcset=\"https:\/\/www.alajarvenankkurit.fi\/yleisurheilu\/wp-content\/uploads\/sites\/2\/2020\/10\/Aluemestaruuskisat-20200712-720_8540-1.jpg 2048w, https:\/\/www.alajarvenankkurit.fi\/yleisurheilu\/wp-content\/uploads\/sites\/2\/2020\/10\/Aluemestaruuskisat-20200712-720_8540-1-300x240.jpg 300w, https:\/\/www.alajarvenankkurit.fi\/yleisurheilu\/wp-content\/uploads\/sites\/2\/2020\/10\/Aluemestaruuskisat-20200712-720_8540-1-768x614.jpg 768w, https:\/\/www.alajarvenankkurit.fi\/yleisurheilu\/wp-content\/uploads\/sites\/2\/2020\/10\/Aluemestaruuskisat-20200712-720_8540-1-1536x1229.jpg 1536w\" sizes=\"auto, (max-width: 767px) 89vw, (max-width: 1000px) 54vw, (max-width: 1071px) 543px, 580px\" \/><figcaption class=\"blocks-gallery-item__caption\">Katariinalla on nimiss\u00e4\u00e4n useita seuraenn\u00e4tyksi\u00e4<\/figcaption><\/figure><\/li><li class=\"blocks-gallery-item\"><figure><img loading=\"lazy\" decoding=\"async\" width=\"899\" height=\"1599\" src=\"https:\/\/www.alajarvenankkurit.fi\/yleisurheilu\/wp-content\/uploads\/sites\/2\/2020\/10\/WhatsApp-Image-2020-09-27-at-14.14.03-1.jpeg\" alt=\"\" data-id=\"1894\" data-full-url=\"https:\/\/www.alajarvenankkurit.fi\/yleisurheilu\/wp-content\/uploads\/sites\/2\/2020\/10\/WhatsApp-Image-2020-09-27-at-14.14.03-1.jpeg\" data-link=\"https:\/\/www.alajarvenankkurit.fi\/yleisurheilu\/?attachment_id=1894\" class=\"wp-image-1894\" srcset=\"https:\/\/www.alajarvenankkurit.fi\/yleisurheilu\/wp-content\/uploads\/sites\/2\/2020\/10\/WhatsApp-Image-2020-09-27-at-14.14.03-1.jpeg 899w, https:\/\/www.alajarvenankkurit.fi\/yleisurheilu\/wp-content\/uploads\/sites\/2\/2020\/10\/WhatsApp-Image-2020-09-27-at-14.14.03-1-169x300.jpeg 169w, https:\/\/www.alajarvenankkurit.fi\/yleisurheilu\/wp-content\/uploads\/sites\/2\/2020\/10\/WhatsApp-Image-2020-09-27-at-14.14.03-1-768x1366.jpeg 768w, https:\/\/www.alajarvenankkurit.fi\/yleisurheilu\/wp-content\/uploads\/sites\/2\/2020\/10\/WhatsApp-Image-2020-09-27-at-14.14.03-1-864x1536.jpeg 864w\" sizes=\"auto, (max-width: 767px) 89vw, (max-width: 1000px) 54vw, (max-width: 1071px) 543px, 580px\" \/><figcaption class=\"blocks-gallery-item__caption\">Hanna osaa heittolajit!<\/figcaption><\/figure><\/li><\/ul><\/figure>\n","protected":false},"excerpt":{"rendered":"<p>Ankealta yleisurheilukaudelta n\u00e4ytt\u00e4nyt kev\u00e4t k\u00e4\u00e4ntyi kes\u00e4n 2020 edetess\u00e4 varsinaiseksi enn\u00e4tystehtailuksi, mik\u00e4 n\u00e4kyy erityisesti seuran ik\u00e4kausitilastoissa ja seuraenn\u00e4tysten m\u00e4\u00e4riss\u00e4. Erityisesti 11-14 -vuotiaat tyt\u00f6t pistiv\u00e4t tilastoja uuteen uskoon ja takoivat yhteens\u00e4 12 seuraenn\u00e4tyst\u00e4. Lis\u00e4ksi aikuisten sarjoissa syntyi per\u00e4ti nelj\u00e4 uutta seuraenn\u00e4tyst\u00e4! Seuran nuoret urheilijat tekiv\u00e4t kymmenitt\u00e4in uusia merkint\u00f6j\u00e4 tilastoihin, jotka l\u00f6ytyv\u00e4t t\u00e4\u00e4lt\u00e4. Seuraenn\u00e4tykset ovat t\u00e4\u00e4ll\u00e4. K\u00e4y tutustumassa! &hellip; <\/p>\n<p class=\"link-more\"><a href=\"https:\/\/www.alajarvenankkurit.fi\/yleisurheilu\/tuloksia\/2020\/seuraennatystehtailua-kesalla-2020\/\" class=\"more-link\">Jatka lukemista<span class=\"screen-reader-text\"> &#8221;Seuraenn\u00e4tystehtailua kes\u00e4ll\u00e4 2020!&#8221;<\/span><\/a><\/p>\n","protected":false},"author":5,"featured_media":0,"comment_status":"closed","ping_status":"open","sticky":false,"template":"","format":"standard","meta":{"footnotes":""},"categories":[22],"tags":[],"class_list":["post-1890","post","type-post","status-publish","format-standard","hentry","category-22"],"_links":{"self":[{"href":"https:\/\/www.alajarvenankkurit.fi\/yleisurheilu\/wp-json\/wp\/v2\/posts\/1890","targetHints":{"allow":["GET"]}}],"collection":[{"href":"https:\/\/www.alajarvenankkurit.fi\/yleisurheilu\/wp-json\/wp\/v2\/posts"}],"about":[{"href":"https:\/\/www.alajarvenankkurit.fi\/yleisurheilu\/wp-json\/wp\/v2\/types\/post"}],"author":[{"embeddable":true,"href":"https:\/\/www.alajarvenankkurit.fi\/yleisurheilu\/wp-json\/wp\/v2\/users\/5"}],"replies":[{"embeddable":true,"href":"https:\/\/www.alajarvenankkurit.fi\/yleisurheilu\/wp-json\/wp\/v2\/comments?post=1890"}],"version-history":[{"count":3,"href":"https:\/\/www.alajarvenankkurit.fi\/yleisurheilu\/wp-json\/wp\/v2\/posts\/1890\/revisions"}],"predecessor-version":[{"id":1900,"href":"https:\/\/www.alajarvenankkurit.fi\/yleisurheilu\/wp-json\/wp\/v2\/posts\/1890\/revisions\/1900"}],"wp:attachment":[{"href":"https:\/\/www.alajarvenankkurit.fi\/yleisurheilu\/wp-json\/wp\/v2\/media?parent=1890"}],"wp:term":[{"taxonomy":"category","embeddable":true,"href":"https:\/\/www.alajarvenankkurit.fi\/yleisurheilu\/wp-json\/wp\/v2\/categories?post=1890"},{"taxonomy":"post_tag","embeddable":true,"href":"https:\/\/www.alajarvenankkurit.fi\/yleisurheilu\/wp-json\/wp\/v2\/tags?post=1890"}],"curies":[{"name":"wp","href":"https:\/\/api.w.org\/{rel}","templated":true}]}}