{"id":1780,"date":"2020-09-28T20:27:00","date_gmt":"2020-09-28T17:27:00","guid":{"rendered":"https:\/\/www.alajarvenankkurit.fi\/yleisurheilu\/?p=1780"},"modified":"2020-10-11T20:32:36","modified_gmt":"2020-10-11T17:32:36","slug":"antti-suomen-mestariksi","status":"publish","type":"post","link":"https:\/\/www.alajarvenankkurit.fi\/yleisurheilu\/tuloksia\/antti-suomen-mestariksi\/","title":{"rendered":"Antti Suomen mestariksi!"},"content":{"rendered":"\n<div class=\"wp-block-group\"><div class=\"wp-block-group__inner-container is-layout-flow wp-block-group-is-layout-flow\">\n<div class=\"wp-block-media-text alignwide has-media-on-the-right\" style=\"grid-template-columns:auto 39%\"><figure class=\"wp-block-media-text__media\"><img loading=\"lazy\" decoding=\"async\" width=\"720\" height=\"403\" src=\"https:\/\/www.alajarvenankkurit.fi\/yleisurheilu\/wp-content\/uploads\/sites\/2\/2020\/10\/IMG-20200927-WA0003.jpg\" alt=\"\" class=\"wp-image-1781\" srcset=\"https:\/\/www.alajarvenankkurit.fi\/yleisurheilu\/wp-content\/uploads\/sites\/2\/2020\/10\/IMG-20200927-WA0003.jpg 720w, https:\/\/www.alajarvenankkurit.fi\/yleisurheilu\/wp-content\/uploads\/sites\/2\/2020\/10\/IMG-20200927-WA0003-300x168.jpg 300w\" sizes=\"auto, (max-width: 720px) 100vw, 720px\" \/><\/figure><div class=\"wp-block-media-text__content\">\n<p style=\"font-size:15px\">Antti Iham\u00e4ki yll\u00e4tti SM-maastojen 10 km yleisen sarjan kilpailussa  viimeisen kilometrin rajulla kirill\u00e4 ja juoksi ylivoimaiseen Suomen  mestaruuteen! Vaisusti sujuneen ratakauden j\u00e4lkeen maastomestaruus  todella maistui! SM-maastot juostiin Kurikassa mainiossa  syyss\u00e4\u00e4ss\u00e4 27.9.2020. <\/p>\n<\/div><\/div>\n<\/div><\/div>\n","protected":false},"excerpt":{"rendered":"<p>Antti Iham\u00e4ki yll\u00e4tti SM-maastojen 10 km yleisen sarjan kilpailussa viimeisen kilometrin rajulla kirill\u00e4 ja juoksi ylivoimaiseen Suomen mestaruuteen! Vaisusti sujuneen ratakauden j\u00e4lkeen maastomestaruus todella maistui! SM-maastot juostiin Kurikassa mainiossa syyss\u00e4\u00e4ss\u00e4 27.9.2020.<\/p>\n","protected":false},"author":5,"featured_media":0,"comment_status":"closed","ping_status":"open","sticky":false,"template":"","format":"standard","meta":{"footnotes":""},"categories":[22,4],"tags":[],"class_list":["post-1780","post","type-post","status-publish","format-standard","hentry","category-22","category-tuloksia"],"_links":{"self":[{"href":"https:\/\/www.alajarvenankkurit.fi\/yleisurheilu\/wp-json\/wp\/v2\/posts\/1780","targetHints":{"allow":["GET"]}}],"collection":[{"href":"https:\/\/www.alajarvenankkurit.fi\/yleisurheilu\/wp-json\/wp\/v2\/posts"}],"about":[{"href":"https:\/\/www.alajarvenankkurit.fi\/yleisurheilu\/wp-json\/wp\/v2\/types\/post"}],"author":[{"embeddable":true,"href":"https:\/\/www.alajarvenankkurit.fi\/yleisurheilu\/wp-json\/wp\/v2\/users\/5"}],"replies":[{"embeddable":true,"href":"https:\/\/www.alajarvenankkurit.fi\/yleisurheilu\/wp-json\/wp\/v2\/comments?post=1780"}],"version-history":[{"count":3,"href":"https:\/\/www.alajarvenankkurit.fi\/yleisurheilu\/wp-json\/wp\/v2\/posts\/1780\/revisions"}],"predecessor-version":[{"id":1784,"href":"https:\/\/www.alajarvenankkurit.fi\/yleisurheilu\/wp-json\/wp\/v2\/posts\/1780\/revisions\/1784"}],"wp:attachment":[{"href":"https:\/\/www.alajarvenankkurit.fi\/yleisurheilu\/wp-json\/wp\/v2\/media?parent=1780"}],"wp:term":[{"taxonomy":"category","embeddable":true,"href":"https:\/\/www.alajarvenankkurit.fi\/yleisurheilu\/wp-json\/wp\/v2\/categories?post=1780"},{"taxonomy":"post_tag","embeddable":true,"href":"https:\/\/www.alajarvenankkurit.fi\/yleisurheilu\/wp-json\/wp\/v2\/tags?post=1780"}],"curies":[{"name":"wp","href":"https:\/\/api.w.org\/{rel}","templated":true}]}}