{"id":1567,"date":"2020-08-14T12:17:14","date_gmt":"2020-08-14T09:17:14","guid":{"rendered":"https:\/\/www.alajarvenankkurit.fi\/yleisurheilu\/?p=1567"},"modified":"2020-08-14T12:17:46","modified_gmt":"2020-08-14T09:17:46","slug":"ankkurit-seuracupin-finaaliin","status":"publish","type":"post","link":"https:\/\/www.alajarvenankkurit.fi\/yleisurheilu\/tuloksia\/2020\/ankkurit-seuracupin-finaaliin\/","title":{"rendered":"Ankkurit Seuracupin finaaliin!"},"content":{"rendered":"\n<p>Ankkurien nuori ja kovalla kiireell\u00e4 koottu joukkue taisteli hienosti Alavudella 12.8. k\u00e4ydyss\u00e4 piirikisassa ja ker\u00e4si riitt\u00e4v\u00e4sti pisteit\u00e4, joten muutaman v\u00e4livuoden j\u00e4lkeen p\u00e4\u00e4semme finaaliin! Seuracupin A-sarjan finaali j\u00e4rjestet\u00e4\u00e4n Ikaalisissa 5.9.2020 (<a rel=\"noreferrer noopener\" aria-label=\"linkki kilpailukalenteriin (opens in a new tab)\" href=\"https:\/\/www.kilpailukalenteri.fi\/?cs=16&amp;nid=27031\" target=\"_blank\">linkki kilpailukalenteriin<\/a>). Piirikisassa (<a rel=\"noreferrer noopener\" aria-label=\" (opens in a new tab)\" href=\"http:\/\/seuracup.tuloslista.com\/team\/1\/2020\/\" target=\"_blank\">linkki pisteisiin<\/a>) eniten pisteit\u00e4 ker\u00e4si Emmi Pitk\u00e4kangas (T13 moukari 584 pistett\u00e4). Upeita suorituksia ja monta omaa enn\u00e4tyst\u00e4 n\u00e4htiin, sill\u00e4 todella moni teki kyseist\u00e4 lajia ensimm\u00e4ist\u00e4 kertaa. Kaikkien urheilijoiden ja viestijoukkueiden panosta tarvittiin! Urheilijoiden lajitulokset l\u00f6ytyv\u00e4t Tilastopajasta <a rel=\"noreferrer noopener\" aria-label=\"t\u00e4st\u00e4 linkist\u00e4 (opens in a new tab)\" href=\"https:\/\/www.tilastopaja.eu\/fi\/db\/tulokset.php?CID=77869\" target=\"_blank\">t\u00e4st\u00e4 linkist\u00e4<\/a>.<\/p>\n\n\n\n<figure class=\"wp-block-gallery columns-2 is-cropped wp-block-gallery-1 is-layout-flex wp-block-gallery-is-layout-flex\"><ul class=\"blocks-gallery-grid\"><li class=\"blocks-gallery-item\"><figure><img loading=\"lazy\" decoding=\"async\" width=\"1468\" height=\"1296\" src=\"https:\/\/www.alajarvenankkurit.fi\/yleisurheilu\/wp-content\/uploads\/sites\/2\/2020\/08\/T11_viesti.jpg\" alt=\"\" data-id=\"1569\" data-full-url=\"https:\/\/www.alajarvenankkurit.fi\/yleisurheilu\/wp-content\/uploads\/sites\/2\/2020\/08\/T11_viesti.jpg\" data-link=\"https:\/\/www.alajarvenankkurit.fi\/yleisurheilu\/?attachment_id=1569\" class=\"wp-image-1569\" srcset=\"https:\/\/www.alajarvenankkurit.fi\/yleisurheilu\/wp-content\/uploads\/sites\/2\/2020\/08\/T11_viesti.jpg 1468w, https:\/\/www.alajarvenankkurit.fi\/yleisurheilu\/wp-content\/uploads\/sites\/2\/2020\/08\/T11_viesti-300x265.jpg 300w, https:\/\/www.alajarvenankkurit.fi\/yleisurheilu\/wp-content\/uploads\/sites\/2\/2020\/08\/T11_viesti-768x678.jpg 768w\" sizes=\"auto, (max-width: 767px) 89vw, (max-width: 1000px) 54vw, (max-width: 1071px) 543px, 580px\" \/><figcaption class=\"blocks-gallery-item__caption\">Kapula vaihtuu T11 viestiss\u00e4<\/figcaption><\/figure><\/li><li class=\"blocks-gallery-item\"><figure><img loading=\"lazy\" decoding=\"async\" width=\"1379\" height=\"1088\" src=\"https:\/\/www.alajarvenankkurit.fi\/yleisurheilu\/wp-content\/uploads\/sites\/2\/2020\/08\/P11_viesti.jpg\" alt=\"\" data-id=\"1568\" data-full-url=\"https:\/\/www.alajarvenankkurit.fi\/yleisurheilu\/wp-content\/uploads\/sites\/2\/2020\/08\/P11_viesti.jpg\" data-link=\"https:\/\/www.alajarvenankkurit.fi\/yleisurheilu\/?attachment_id=1568\" class=\"wp-image-1568\" srcset=\"https:\/\/www.alajarvenankkurit.fi\/yleisurheilu\/wp-content\/uploads\/sites\/2\/2020\/08\/P11_viesti.jpg 1379w, https:\/\/www.alajarvenankkurit.fi\/yleisurheilu\/wp-content\/uploads\/sites\/2\/2020\/08\/P11_viesti-300x237.jpg 300w, https:\/\/www.alajarvenankkurit.fi\/yleisurheilu\/wp-content\/uploads\/sites\/2\/2020\/08\/P11_viesti-768x606.jpg 768w\" sizes=\"auto, (max-width: 767px) 89vw, (max-width: 1000px) 54vw, (max-width: 1071px) 543px, 580px\" \/><figcaption class=\"blocks-gallery-item__caption\">Mukana my\u00f6s P11 joukkue!<\/figcaption><\/figure><\/li><li class=\"blocks-gallery-item\"><figure><img loading=\"lazy\" decoding=\"async\" width=\"1128\" height=\"857\" src=\"https:\/\/www.alajarvenankkurit.fi\/yleisurheilu\/wp-content\/uploads\/sites\/2\/2020\/08\/T15_viesti.jpg\" alt=\"\" data-id=\"1570\" data-full-url=\"https:\/\/www.alajarvenankkurit.fi\/yleisurheilu\/wp-content\/uploads\/sites\/2\/2020\/08\/T15_viesti.jpg\" data-link=\"https:\/\/www.alajarvenankkurit.fi\/yleisurheilu\/?attachment_id=1570\" class=\"wp-image-1570\" srcset=\"https:\/\/www.alajarvenankkurit.fi\/yleisurheilu\/wp-content\/uploads\/sites\/2\/2020\/08\/T15_viesti.jpg 1128w, https:\/\/www.alajarvenankkurit.fi\/yleisurheilu\/wp-content\/uploads\/sites\/2\/2020\/08\/T15_viesti-300x228.jpg 300w, https:\/\/www.alajarvenankkurit.fi\/yleisurheilu\/wp-content\/uploads\/sites\/2\/2020\/08\/T15_viesti-768x583.jpg 768w\" sizes=\"auto, (max-width: 767px) 89vw, (max-width: 1000px) 54vw, (max-width: 1071px) 543px, 580px\" \/><figcaption class=\"blocks-gallery-item__caption\">T 15 viesti menossa<\/figcaption><\/figure><\/li><\/ul><\/figure>\n","protected":false},"excerpt":{"rendered":"<p>Ankkurien nuori ja kovalla kiireell\u00e4 koottu joukkue taisteli hienosti Alavudella 12.8. k\u00e4ydyss\u00e4 piirikisassa ja ker\u00e4si riitt\u00e4v\u00e4sti pisteit\u00e4, joten muutaman v\u00e4livuoden j\u00e4lkeen p\u00e4\u00e4semme finaaliin! Seuracupin A-sarjan finaali j\u00e4rjestet\u00e4\u00e4n Ikaalisissa 5.9.2020 (linkki kilpailukalenteriin). Piirikisassa (linkki pisteisiin) eniten pisteit\u00e4 ker\u00e4si Emmi Pitk\u00e4kangas (T13 moukari 584 pistett\u00e4). Upeita suorituksia ja monta omaa enn\u00e4tyst\u00e4 n\u00e4htiin, sill\u00e4 todella moni teki kyseist\u00e4 &hellip; <\/p>\n<p class=\"link-more\"><a href=\"https:\/\/www.alajarvenankkurit.fi\/yleisurheilu\/tuloksia\/2020\/ankkurit-seuracupin-finaaliin\/\" class=\"more-link\">Jatka lukemista<span class=\"screen-reader-text\"> &#8221;Ankkurit Seuracupin finaaliin!&#8221;<\/span><\/a><\/p>\n","protected":false},"author":5,"featured_media":0,"comment_status":"closed","ping_status":"open","sticky":false,"template":"","format":"standard","meta":{"footnotes":""},"categories":[22],"tags":[],"class_list":["post-1567","post","type-post","status-publish","format-standard","hentry","category-22"],"_links":{"self":[{"href":"https:\/\/www.alajarvenankkurit.fi\/yleisurheilu\/wp-json\/wp\/v2\/posts\/1567","targetHints":{"allow":["GET"]}}],"collection":[{"href":"https:\/\/www.alajarvenankkurit.fi\/yleisurheilu\/wp-json\/wp\/v2\/posts"}],"about":[{"href":"https:\/\/www.alajarvenankkurit.fi\/yleisurheilu\/wp-json\/wp\/v2\/types\/post"}],"author":[{"embeddable":true,"href":"https:\/\/www.alajarvenankkurit.fi\/yleisurheilu\/wp-json\/wp\/v2\/users\/5"}],"replies":[{"embeddable":true,"href":"https:\/\/www.alajarvenankkurit.fi\/yleisurheilu\/wp-json\/wp\/v2\/comments?post=1567"}],"version-history":[{"count":1,"href":"https:\/\/www.alajarvenankkurit.fi\/yleisurheilu\/wp-json\/wp\/v2\/posts\/1567\/revisions"}],"predecessor-version":[{"id":1571,"href":"https:\/\/www.alajarvenankkurit.fi\/yleisurheilu\/wp-json\/wp\/v2\/posts\/1567\/revisions\/1571"}],"wp:attachment":[{"href":"https:\/\/www.alajarvenankkurit.fi\/yleisurheilu\/wp-json\/wp\/v2\/media?parent=1567"}],"wp:term":[{"taxonomy":"category","embeddable":true,"href":"https:\/\/www.alajarvenankkurit.fi\/yleisurheilu\/wp-json\/wp\/v2\/categories?post=1567"},{"taxonomy":"post_tag","embeddable":true,"href":"https:\/\/www.alajarvenankkurit.fi\/yleisurheilu\/wp-json\/wp\/v2\/tags?post=1567"}],"curies":[{"name":"wp","href":"https:\/\/api.w.org\/{rel}","templated":true}]}}