{"id":1374,"date":"2020-07-13T23:49:29","date_gmt":"2020-07-13T20:49:29","guid":{"rendered":"https:\/\/www.alajarvenankkurit.fi\/yleisurheilu\/?p=1374"},"modified":"2020-07-13T23:58:00","modified_gmt":"2020-07-13T20:58:00","slug":"kesan-toiset-viikkokisat-13-7-2020","status":"publish","type":"post","link":"https:\/\/www.alajarvenankkurit.fi\/yleisurheilu\/tuloksia\/2020\/viikkokisat-2020\/kesan-toiset-viikkokisat-13-7-2020\/","title":{"rendered":"Kes\u00e4n toiset viikkokisat!"},"content":{"rendered":"\n<p>Vaikka aamun s\u00e4\u00e4ennustus n\u00e4ytti kehnolta, niin illan viikkokisat saatiin kilpailla poutas\u00e4\u00e4ss\u00e4 reilun 30 kisaajan voimin! Mukaan oli t\u00e4ll\u00e4 kertaa saatu my\u00f6s 5- ja 7-vuotiaitten sarjat. Aivan pienimmille riitti 40 m juoksumatka, mutta muut pinkoivat 150 m matkan ja lujaa mentiin! 7-vuotiaat hypp\u00e4siv\u00e4t lis\u00e4ksi pituutta ja isommat ty\u00f6nsiv\u00e4t kuulaa. Mukaan saatiin my\u00f6s kuulanty\u00f6nn\u00f6n ensikertalaisia ja parin kierroksen j\u00e4lkeen sujui vallan mainiosti!  Kaikki tulokset alla olevasta linkist\u00e4. Kiitos kaikille kisaajille ja huoltajille! Viikon p\u00e4\u00e4st\u00e4 jatketaan!<\/p>\n\n\n\n<div class=\"wp-block-file\"><a href=\"https:\/\/www.alajarvenankkurit.fi\/yleisurheilu\/wp-content\/uploads\/sites\/2\/2020\/07\/20200713_Viikkokisat_tulokset_valmis-1.pdf\">20200713_Viikkokisat_tulokset_valmis<\/a><a href=\"https:\/\/www.alajarvenankkurit.fi\/yleisurheilu\/wp-content\/uploads\/sites\/2\/2020\/07\/20200713_Viikkokisat_tulokset_valmis-1.pdf\" class=\"wp-block-file__button\" download>Lataa<\/a><\/div>\n\n\n\n<figure class=\"wp-block-gallery columns-2 is-cropped wp-block-gallery-1 is-layout-flex wp-block-gallery-is-layout-flex\"><ul class=\"blocks-gallery-grid\"><li class=\"blocks-gallery-item\"><figure><img loading=\"lazy\" decoding=\"async\" width=\"1306\" height=\"735\" src=\"https:\/\/www.alajarvenankkurit.fi\/yleisurheilu\/wp-content\/uploads\/sites\/2\/2020\/07\/P9_150m.jpg\" alt=\"\" data-id=\"1377\" data-full-url=\"https:\/\/www.alajarvenankkurit.fi\/yleisurheilu\/wp-content\/uploads\/sites\/2\/2020\/07\/P9_150m.jpg\" data-link=\"https:\/\/www.alajarvenankkurit.fi\/yleisurheilu\/?attachment_id=1377\" class=\"wp-image-1377\" srcset=\"https:\/\/www.alajarvenankkurit.fi\/yleisurheilu\/wp-content\/uploads\/sites\/2\/2020\/07\/P9_150m.jpg 1306w, https:\/\/www.alajarvenankkurit.fi\/yleisurheilu\/wp-content\/uploads\/sites\/2\/2020\/07\/P9_150m-300x169.jpg 300w, https:\/\/www.alajarvenankkurit.fi\/yleisurheilu\/wp-content\/uploads\/sites\/2\/2020\/07\/P9_150m-768x432.jpg 768w\" sizes=\"auto, (max-width: 767px) 89vw, (max-width: 1000px) 54vw, (max-width: 1071px) 543px, 580px\" \/><figcaption class=\"blocks-gallery-item__caption\">P9 150m<\/figcaption><\/figure><\/li><li class=\"blocks-gallery-item\"><figure><img loading=\"lazy\" decoding=\"async\" width=\"1632\" height=\"918\" src=\"https:\/\/www.alajarvenankkurit.fi\/yleisurheilu\/wp-content\/uploads\/sites\/2\/2020\/07\/T11_150m.jpg\" alt=\"\" data-id=\"1378\" data-full-url=\"https:\/\/www.alajarvenankkurit.fi\/yleisurheilu\/wp-content\/uploads\/sites\/2\/2020\/07\/T11_150m.jpg\" data-link=\"https:\/\/www.alajarvenankkurit.fi\/yleisurheilu\/?attachment_id=1378\" class=\"wp-image-1378\" srcset=\"https:\/\/www.alajarvenankkurit.fi\/yleisurheilu\/wp-content\/uploads\/sites\/2\/2020\/07\/T11_150m.jpg 1632w, https:\/\/www.alajarvenankkurit.fi\/yleisurheilu\/wp-content\/uploads\/sites\/2\/2020\/07\/T11_150m-300x169.jpg 300w, https:\/\/www.alajarvenankkurit.fi\/yleisurheilu\/wp-content\/uploads\/sites\/2\/2020\/07\/T11_150m-768x432.jpg 768w, https:\/\/www.alajarvenankkurit.fi\/yleisurheilu\/wp-content\/uploads\/sites\/2\/2020\/07\/T11_150m-1536x864.jpg 1536w\" sizes=\"auto, (max-width: 767px) 89vw, (max-width: 1000px) 54vw, (max-width: 1071px) 543px, 580px\" \/><figcaption class=\"blocks-gallery-item__caption\">T11 150m<\/figcaption><\/figure><\/li><li class=\"blocks-gallery-item\"><figure><img loading=\"lazy\" decoding=\"async\" width=\"1024\" height=\"768\" src=\"https:\/\/www.alajarvenankkurit.fi\/yleisurheilu\/wp-content\/uploads\/sites\/2\/2020\/07\/T13_15_kuula.jpg\" alt=\"\" data-id=\"1379\" data-full-url=\"https:\/\/www.alajarvenankkurit.fi\/yleisurheilu\/wp-content\/uploads\/sites\/2\/2020\/07\/T13_15_kuula.jpg\" data-link=\"https:\/\/www.alajarvenankkurit.fi\/yleisurheilu\/?attachment_id=1379\" class=\"wp-image-1379\" srcset=\"https:\/\/www.alajarvenankkurit.fi\/yleisurheilu\/wp-content\/uploads\/sites\/2\/2020\/07\/T13_15_kuula.jpg 1024w, https:\/\/www.alajarvenankkurit.fi\/yleisurheilu\/wp-content\/uploads\/sites\/2\/2020\/07\/T13_15_kuula-300x225.jpg 300w, https:\/\/www.alajarvenankkurit.fi\/yleisurheilu\/wp-content\/uploads\/sites\/2\/2020\/07\/T13_15_kuula-768x576.jpg 768w\" sizes=\"auto, (max-width: 767px) 89vw, (max-width: 1000px) 54vw, (max-width: 1071px) 543px, 580px\" \/><figcaption class=\"blocks-gallery-item__caption\">Tyt\u00f6t 13 ja 15 kuulanty\u00f6nn\u00f6ss\u00e4 (kuva Jani Vuorela)<\/figcaption><\/figure><\/li><\/ul><\/figure>\n","protected":false},"excerpt":{"rendered":"<p>Vaikka aamun s\u00e4\u00e4ennustus n\u00e4ytti kehnolta, niin illan viikkokisat saatiin kilpailla poutas\u00e4\u00e4ss\u00e4 reilun 30 kisaajan voimin! Mukaan oli t\u00e4ll\u00e4 kertaa saatu my\u00f6s 5- ja 7-vuotiaitten sarjat. Aivan pienimmille riitti 40 m juoksumatka, mutta muut pinkoivat 150 m matkan ja lujaa mentiin! 7-vuotiaat hypp\u00e4siv\u00e4t lis\u00e4ksi pituutta ja isommat ty\u00f6nsiv\u00e4t kuulaa. Mukaan saatiin my\u00f6s kuulanty\u00f6nn\u00f6n ensikertalaisia ja parin &hellip; <\/p>\n<p class=\"link-more\"><a href=\"https:\/\/www.alajarvenankkurit.fi\/yleisurheilu\/tuloksia\/2020\/viikkokisat-2020\/kesan-toiset-viikkokisat-13-7-2020\/\" class=\"more-link\">Jatka lukemista<span class=\"screen-reader-text\"> &#8221;Kes\u00e4n toiset viikkokisat!&#8221;<\/span><\/a><\/p>\n","protected":false},"author":5,"featured_media":0,"comment_status":"closed","ping_status":"open","sticky":false,"template":"","format":"standard","meta":{"footnotes":""},"categories":[25],"tags":[],"class_list":["post-1374","post","type-post","status-publish","format-standard","hentry","category-viikkokisat-2020"],"_links":{"self":[{"href":"https:\/\/www.alajarvenankkurit.fi\/yleisurheilu\/wp-json\/wp\/v2\/posts\/1374","targetHints":{"allow":["GET"]}}],"collection":[{"href":"https:\/\/www.alajarvenankkurit.fi\/yleisurheilu\/wp-json\/wp\/v2\/posts"}],"about":[{"href":"https:\/\/www.alajarvenankkurit.fi\/yleisurheilu\/wp-json\/wp\/v2\/types\/post"}],"author":[{"embeddable":true,"href":"https:\/\/www.alajarvenankkurit.fi\/yleisurheilu\/wp-json\/wp\/v2\/users\/5"}],"replies":[{"embeddable":true,"href":"https:\/\/www.alajarvenankkurit.fi\/yleisurheilu\/wp-json\/wp\/v2\/comments?post=1374"}],"version-history":[{"count":3,"href":"https:\/\/www.alajarvenankkurit.fi\/yleisurheilu\/wp-json\/wp\/v2\/posts\/1374\/revisions"}],"predecessor-version":[{"id":1382,"href":"https:\/\/www.alajarvenankkurit.fi\/yleisurheilu\/wp-json\/wp\/v2\/posts\/1374\/revisions\/1382"}],"wp:attachment":[{"href":"https:\/\/www.alajarvenankkurit.fi\/yleisurheilu\/wp-json\/wp\/v2\/media?parent=1374"}],"wp:term":[{"taxonomy":"category","embeddable":true,"href":"https:\/\/www.alajarvenankkurit.fi\/yleisurheilu\/wp-json\/wp\/v2\/categories?post=1374"},{"taxonomy":"post_tag","embeddable":true,"href":"https:\/\/www.alajarvenankkurit.fi\/yleisurheilu\/wp-json\/wp\/v2\/tags?post=1374"}],"curies":[{"name":"wp","href":"https:\/\/api.w.org\/{rel}","templated":true}]}}