{"id":1283,"date":"2020-06-29T23:33:13","date_gmt":"2020-06-29T20:33:13","guid":{"rendered":"https:\/\/www.alajarvenankkurit.fi\/yleisurheilu\/?p=1283"},"modified":"2020-07-06T22:29:36","modified_gmt":"2020-07-06T19:29:36","slug":"viikkokisat-2020-alkaneet","status":"publish","type":"post","link":"https:\/\/www.alajarvenankkurit.fi\/yleisurheilu\/tuloksia\/2020\/viikkokisat-2020\/viikkokisat-2020-alkaneet\/","title":{"rendered":"Viikkokisat 2020 alkaneet!"},"content":{"rendered":"\n<p>Kes\u00e4n viikkokisasarja polkaistiin k\u00e4yntiin ma 29.6. Aiemmista kesist\u00e4 poiketen kilpailtiin hieman eri tavalla ja pienemm\u00e4ll\u00e4 porukalla korona-ajan hengen mukaisesti. Aivan pienimpien sarjaa ei ollut lainkaan ja t\u00e4ll\u00e4 kertaa kisattiin 9, 11, 13 ja 15-vuotiaiden sarjoissa. Pieni ja innokas porukka teki hyvi\u00e4 tuloksia pienest\u00e4 kes\u00e4sateesta huolimatta! Tulokset alla olevasta linkist\u00e4. Kiitos kaikille mukana olleille!<\/p>\n\n\n\n<div class=\"wp-block-file\"><a href=\"https:\/\/www.alajarvenankkurit.fi\/yleisurheilu\/wp-content\/uploads\/sites\/2\/2020\/06\/20200629_Viikkokisat_tulokset_valmis-3.pdf\">20200629_Viikkokisat_tulokset_valmis<\/a><a href=\"https:\/\/www.alajarvenankkurit.fi\/yleisurheilu\/wp-content\/uploads\/sites\/2\/2020\/06\/20200629_Viikkokisat_tulokset_valmis-3.pdf\" class=\"wp-block-file__button\" download>Lataa<\/a><\/div>\n\n\n\n<figure class=\"wp-block-gallery columns-2 is-cropped wp-block-gallery-1 is-layout-flex wp-block-gallery-is-layout-flex\"><ul class=\"blocks-gallery-grid\"><li class=\"blocks-gallery-item\"><figure><img loading=\"lazy\" decoding=\"async\" width=\"1600\" height=\"900\" src=\"https:\/\/www.alajarvenankkurit.fi\/yleisurheilu\/wp-content\/uploads\/sites\/2\/2020\/06\/T11Pituushyppy.jpg\" alt=\"\" data-id=\"1284\" data-link=\"https:\/\/www.alajarvenankkurit.fi\/yleisurheilu\/?attachment_id=1284\" class=\"wp-image-1284\" srcset=\"https:\/\/www.alajarvenankkurit.fi\/yleisurheilu\/wp-content\/uploads\/sites\/2\/2020\/06\/T11Pituushyppy.jpg 1600w, https:\/\/www.alajarvenankkurit.fi\/yleisurheilu\/wp-content\/uploads\/sites\/2\/2020\/06\/T11Pituushyppy-300x169.jpg 300w, https:\/\/www.alajarvenankkurit.fi\/yleisurheilu\/wp-content\/uploads\/sites\/2\/2020\/06\/T11Pituushyppy-768x432.jpg 768w, https:\/\/www.alajarvenankkurit.fi\/yleisurheilu\/wp-content\/uploads\/sites\/2\/2020\/06\/T11Pituushyppy-1536x864.jpg 1536w\" sizes=\"auto, (max-width: 767px) 89vw, (max-width: 1000px) 54vw, (max-width: 1071px) 543px, 580px\" \/><\/figure><\/li><li class=\"blocks-gallery-item\"><figure><img loading=\"lazy\" decoding=\"async\" width=\"1600\" height=\"900\" src=\"https:\/\/www.alajarvenankkurit.fi\/yleisurheilu\/wp-content\/uploads\/sites\/2\/2020\/06\/T13Korkeus-1.jpg\" alt=\"\" data-id=\"1285\" data-full-url=\"https:\/\/www.alajarvenankkurit.fi\/yleisurheilu\/wp-content\/uploads\/sites\/2\/2020\/06\/T13Korkeus-1.jpg\" data-link=\"https:\/\/www.alajarvenankkurit.fi\/yleisurheilu\/?attachment_id=1285\" class=\"wp-image-1285\" srcset=\"https:\/\/www.alajarvenankkurit.fi\/yleisurheilu\/wp-content\/uploads\/sites\/2\/2020\/06\/T13Korkeus-1.jpg 1600w, https:\/\/www.alajarvenankkurit.fi\/yleisurheilu\/wp-content\/uploads\/sites\/2\/2020\/06\/T13Korkeus-1-300x169.jpg 300w, https:\/\/www.alajarvenankkurit.fi\/yleisurheilu\/wp-content\/uploads\/sites\/2\/2020\/06\/T13Korkeus-1-768x432.jpg 768w, https:\/\/www.alajarvenankkurit.fi\/yleisurheilu\/wp-content\/uploads\/sites\/2\/2020\/06\/T13Korkeus-1-1536x864.jpg 1536w\" sizes=\"auto, (max-width: 767px) 89vw, (max-width: 1000px) 54vw, (max-width: 1071px) 543px, 580px\" \/><\/figure><\/li><\/ul><\/figure>\n","protected":false},"excerpt":{"rendered":"<p>Kes\u00e4n viikkokisasarja polkaistiin k\u00e4yntiin ma 29.6. Aiemmista kesist\u00e4 poiketen kilpailtiin hieman eri tavalla ja pienemm\u00e4ll\u00e4 porukalla korona-ajan hengen mukaisesti. Aivan pienimpien sarjaa ei ollut lainkaan ja t\u00e4ll\u00e4 kertaa kisattiin 9, 11, 13 ja 15-vuotiaiden sarjoissa. Pieni ja innokas porukka teki hyvi\u00e4 tuloksia pienest\u00e4 kes\u00e4sateesta huolimatta! Tulokset alla olevasta linkist\u00e4. Kiitos kaikille mukana olleille!<\/p>\n","protected":false},"author":5,"featured_media":0,"comment_status":"closed","ping_status":"open","sticky":false,"template":"","format":"standard","meta":{"footnotes":""},"categories":[25],"tags":[],"class_list":["post-1283","post","type-post","status-publish","format-standard","hentry","category-viikkokisat-2020"],"_links":{"self":[{"href":"https:\/\/www.alajarvenankkurit.fi\/yleisurheilu\/wp-json\/wp\/v2\/posts\/1283","targetHints":{"allow":["GET"]}}],"collection":[{"href":"https:\/\/www.alajarvenankkurit.fi\/yleisurheilu\/wp-json\/wp\/v2\/posts"}],"about":[{"href":"https:\/\/www.alajarvenankkurit.fi\/yleisurheilu\/wp-json\/wp\/v2\/types\/post"}],"author":[{"embeddable":true,"href":"https:\/\/www.alajarvenankkurit.fi\/yleisurheilu\/wp-json\/wp\/v2\/users\/5"}],"replies":[{"embeddable":true,"href":"https:\/\/www.alajarvenankkurit.fi\/yleisurheilu\/wp-json\/wp\/v2\/comments?post=1283"}],"version-history":[{"count":3,"href":"https:\/\/www.alajarvenankkurit.fi\/yleisurheilu\/wp-json\/wp\/v2\/posts\/1283\/revisions"}],"predecessor-version":[{"id":1325,"href":"https:\/\/www.alajarvenankkurit.fi\/yleisurheilu\/wp-json\/wp\/v2\/posts\/1283\/revisions\/1325"}],"wp:attachment":[{"href":"https:\/\/www.alajarvenankkurit.fi\/yleisurheilu\/wp-json\/wp\/v2\/media?parent=1283"}],"wp:term":[{"taxonomy":"category","embeddable":true,"href":"https:\/\/www.alajarvenankkurit.fi\/yleisurheilu\/wp-json\/wp\/v2\/categories?post=1283"},{"taxonomy":"post_tag","embeddable":true,"href":"https:\/\/www.alajarvenankkurit.fi\/yleisurheilu\/wp-json\/wp\/v2\/tags?post=1283"}],"curies":[{"name":"wp","href":"https:\/\/api.w.org\/{rel}","templated":true}]}}