{"id":315,"date":"2022-11-27T22:15:16","date_gmt":"2022-11-27T20:15:16","guid":{"rendered":"https:\/\/www.alajarvenankkurit.fi\/lentopallo\/?p=315"},"modified":"2023-03-19T13:25:28","modified_gmt":"2023-03-19T11:25:28","slug":"op-turnaus-7-1-2023","status":"publish","type":"post","link":"https:\/\/www.alajarvenankkurit.fi\/lentopallo\/op-turnaus-7-1-2023\/","title":{"rendered":"OP-turnaus 7.1.2023"},"content":{"rendered":"\n<p>Alaj\u00e4rven lentopallojaosto j\u00e4rjest\u00e4\u00e4 OP-turnauksen monitoimihallilla 7.1.2023<\/p>\n\n\n\n<figure class=\"wp-block-image size-large\"><img loading=\"lazy\" decoding=\"async\" width=\"853\" height=\"1024\" src=\"https:\/\/www.alajarvenankkurit.fi\/lentopallo\/wp-content\/uploads\/sites\/3\/2022\/11\/OP-turnaus2-853x1024.jpg\" alt=\"\" class=\"wp-image-311\" srcset=\"https:\/\/www.alajarvenankkurit.fi\/lentopallo\/wp-content\/uploads\/sites\/3\/2022\/11\/OP-turnaus2-853x1024.jpg 853w, https:\/\/www.alajarvenankkurit.fi\/lentopallo\/wp-content\/uploads\/sites\/3\/2022\/11\/OP-turnaus2-250x300.jpg 250w, https:\/\/www.alajarvenankkurit.fi\/lentopallo\/wp-content\/uploads\/sites\/3\/2022\/11\/OP-turnaus2-768x922.jpg 768w, https:\/\/www.alajarvenankkurit.fi\/lentopallo\/wp-content\/uploads\/sites\/3\/2022\/11\/OP-turnaus2.jpg 1134w\" sizes=\"auto, (max-width: 767px) 89vw, (max-width: 1000px) 54vw, (max-width: 1071px) 543px, 580px\" \/><\/figure>\n\n\n\n<p><a href=\"https:\/\/www.alajarvenankkurit.fi\/lentopallo\/op-turnaus\">T\u00e4ss\u00e4 lis\u00e4\u00e4 tietoa<\/a><\/p>\n\n\n\n<p>Ilmoittautumisaikaa on pidennetty!<\/p>\n","protected":false},"excerpt":{"rendered":"<p>Alaj\u00e4rven lentopallojaosto j\u00e4rjest\u00e4\u00e4 OP-turnauksen monitoimihallilla 7.1.2023 T\u00e4ss\u00e4 lis\u00e4\u00e4 tietoa Ilmoittautumisaikaa on pidennetty!<\/p>\n","protected":false},"author":6,"featured_media":0,"comment_status":"closed","ping_status":"closed","sticky":false,"template":"","format":"standard","meta":{"footnotes":""},"categories":[1],"tags":[],"class_list":["post-315","post","type-post","status-publish","format-standard","hentry","category-yleinen"],"yoast_head":"<!-- This site is optimized with the Yoast SEO plugin v27.0 - https:\/\/yoast.com\/product\/yoast-seo-wordpress\/ -->\n<title>OP-turnaus 7.1.2023 - Alaj\u00e4rven Ankkurit \/ Lentopallo<\/title>\n<meta name=\"robots\" content=\"index, follow, max-snippet:-1, max-image-preview:large, max-video-preview:-1\" \/>\n<link rel=\"canonical\" href=\"https:\/\/www.alajarvenankkurit.fi\/lentopallo\/op-turnaus-7-1-2023\/\" \/>\n<meta property=\"og:locale\" content=\"fi_FI\" \/>\n<meta property=\"og:type\" content=\"article\" \/>\n<meta property=\"og:title\" content=\"OP-turnaus 7.1.2023 - Alaj\u00e4rven Ankkurit \/ Lentopallo\" \/>\n<meta property=\"og:description\" content=\"Alaj\u00e4rven lentopallojaosto j\u00e4rjest\u00e4\u00e4 OP-turnauksen monitoimihallilla 7.1.2023 T\u00e4ss\u00e4 lis\u00e4\u00e4 tietoa Ilmoittautumisaikaa on pidennetty!\" \/>\n<meta property=\"og:url\" content=\"https:\/\/www.alajarvenankkurit.fi\/lentopallo\/op-turnaus-7-1-2023\/\" \/>\n<meta property=\"og:site_name\" content=\"Alaj\u00e4rven Ankkurit \/ Lentopallo\" \/>\n<meta property=\"article:published_time\" content=\"2022-11-27T20:15:16+00:00\" \/>\n<meta property=\"article:modified_time\" content=\"2023-03-19T11:25:28+00:00\" \/>\n<meta property=\"og:image\" content=\"https:\/\/www.alajarvenankkurit.fi\/lentopallo\/wp-content\/uploads\/sites\/3\/2022\/11\/OP-turnaus2-853x1024.jpg\" \/>\n<meta name=\"author\" content=\"lentopallo\" \/>\n<meta name=\"twitter:card\" content=\"summary_large_image\" \/>\n<meta name=\"twitter:label1\" content=\"Kirjoittanut\" \/>\n\t<meta name=\"twitter:data1\" content=\"lentopallo\" \/>\n<script type=\"application\/ld+json\" class=\"yoast-schema-graph\">{\"@context\":\"https:\/\/schema.org\",\"@graph\":[{\"@type\":\"Article\",\"@id\":\"https:\/\/www.alajarvenankkurit.fi\/lentopallo\/op-turnaus-7-1-2023\/#article\",\"isPartOf\":{\"@id\":\"https:\/\/www.alajarvenankkurit.fi\/lentopallo\/op-turnaus-7-1-2023\/\"},\"author\":{\"name\":\"lentopallo\",\"@id\":\"https:\/\/www.alajarvenankkurit.fi\/lentopallo\/#\/schema\/person\/4c66a3bf00c92ac4958fab827ce14499\"},\"headline\":\"OP-turnaus 7.1.2023\",\"datePublished\":\"2022-11-27T20:15:16+00:00\",\"dateModified\":\"2023-03-19T11:25:28+00:00\",\"mainEntityOfPage\":{\"@id\":\"https:\/\/www.alajarvenankkurit.fi\/lentopallo\/op-turnaus-7-1-2023\/\"},\"wordCount\":15,\"publisher\":{\"@id\":\"https:\/\/www.alajarvenankkurit.fi\/lentopallo\/#organization\"},\"image\":{\"@id\":\"https:\/\/www.alajarvenankkurit.fi\/lentopallo\/op-turnaus-7-1-2023\/#primaryimage\"},\"thumbnailUrl\":\"https:\/\/www.alajarvenankkurit.fi\/lentopallo\/wp-content\/uploads\/sites\/3\/2022\/11\/OP-turnaus2-853x1024.jpg\",\"inLanguage\":\"fi\"},{\"@type\":\"WebPage\",\"@id\":\"https:\/\/www.alajarvenankkurit.fi\/lentopallo\/op-turnaus-7-1-2023\/\",\"url\":\"https:\/\/www.alajarvenankkurit.fi\/lentopallo\/op-turnaus-7-1-2023\/\",\"name\":\"OP-turnaus 7.1.2023 - Alaj\u00e4rven Ankkurit \/ Lentopallo\",\"isPartOf\":{\"@id\":\"https:\/\/www.alajarvenankkurit.fi\/lentopallo\/#website\"},\"primaryImageOfPage\":{\"@id\":\"https:\/\/www.alajarvenankkurit.fi\/lentopallo\/op-turnaus-7-1-2023\/#primaryimage\"},\"image\":{\"@id\":\"https:\/\/www.alajarvenankkurit.fi\/lentopallo\/op-turnaus-7-1-2023\/#primaryimage\"},\"thumbnailUrl\":\"https:\/\/www.alajarvenankkurit.fi\/lentopallo\/wp-content\/uploads\/sites\/3\/2022\/11\/OP-turnaus2-853x1024.jpg\",\"datePublished\":\"2022-11-27T20:15:16+00:00\",\"dateModified\":\"2023-03-19T11:25:28+00:00\",\"breadcrumb\":{\"@id\":\"https:\/\/www.alajarvenankkurit.fi\/lentopallo\/op-turnaus-7-1-2023\/#breadcrumb\"},\"inLanguage\":\"fi\",\"potentialAction\":[{\"@type\":\"ReadAction\",\"target\":[\"https:\/\/www.alajarvenankkurit.fi\/lentopallo\/op-turnaus-7-1-2023\/\"]}]},{\"@type\":\"ImageObject\",\"inLanguage\":\"fi\",\"@id\":\"https:\/\/www.alajarvenankkurit.fi\/lentopallo\/op-turnaus-7-1-2023\/#primaryimage\",\"url\":\"https:\/\/www.alajarvenankkurit.fi\/lentopallo\/wp-content\/uploads\/sites\/3\/2022\/11\/OP-turnaus2.jpg\",\"contentUrl\":\"https:\/\/www.alajarvenankkurit.fi\/lentopallo\/wp-content\/uploads\/sites\/3\/2022\/11\/OP-turnaus2.jpg\",\"width\":1134,\"height\":1362},{\"@type\":\"BreadcrumbList\",\"@id\":\"https:\/\/www.alajarvenankkurit.fi\/lentopallo\/op-turnaus-7-1-2023\/#breadcrumb\",\"itemListElement\":[{\"@type\":\"ListItem\",\"position\":1,\"name\":\"Etusivu\",\"item\":\"https:\/\/www.alajarvenankkurit.fi\/lentopallo\/\"},{\"@type\":\"ListItem\",\"position\":2,\"name\":\"OP-turnaus 7.1.2023\"}]},{\"@type\":\"WebSite\",\"@id\":\"https:\/\/www.alajarvenankkurit.fi\/lentopallo\/#website\",\"url\":\"https:\/\/www.alajarvenankkurit.fi\/lentopallo\/\",\"name\":\"Alaj\u00e4rven Ankkurit \/ Lentopallo\",\"description\":\"\",\"publisher\":{\"@id\":\"https:\/\/www.alajarvenankkurit.fi\/lentopallo\/#organization\"},\"potentialAction\":[{\"@type\":\"SearchAction\",\"target\":{\"@type\":\"EntryPoint\",\"urlTemplate\":\"https:\/\/www.alajarvenankkurit.fi\/lentopallo\/?s={search_term_string}\"},\"query-input\":{\"@type\":\"PropertyValueSpecification\",\"valueRequired\":true,\"valueName\":\"search_term_string\"}}],\"inLanguage\":\"fi\"},{\"@type\":\"Organization\",\"@id\":\"https:\/\/www.alajarvenankkurit.fi\/lentopallo\/#organization\",\"name\":\"Alaj\u00e4rven Ankkurit \/ Lentopallo\",\"url\":\"https:\/\/www.alajarvenankkurit.fi\/lentopallo\/\",\"logo\":{\"@type\":\"ImageObject\",\"inLanguage\":\"fi\",\"@id\":\"https:\/\/www.alajarvenankkurit.fi\/lentopallo\/#\/schema\/logo\/image\/\",\"url\":\"https:\/\/www.alajarvenankkurit.fi\/lentopallo\/wp-content\/uploads\/sites\/3\/2020\/11\/cropped-alajarven_ankkurit_seuralogo_2019_250px.png\",\"contentUrl\":\"https:\/\/www.alajarvenankkurit.fi\/lentopallo\/wp-content\/uploads\/sites\/3\/2020\/11\/cropped-alajarven_ankkurit_seuralogo_2019_250px.png\",\"width\":250,\"height\":250,\"caption\":\"Alaj\u00e4rven Ankkurit \/ Lentopallo\"},\"image\":{\"@id\":\"https:\/\/www.alajarvenankkurit.fi\/lentopallo\/#\/schema\/logo\/image\/\"}},{\"@type\":\"Person\",\"@id\":\"https:\/\/www.alajarvenankkurit.fi\/lentopallo\/#\/schema\/person\/4c66a3bf00c92ac4958fab827ce14499\",\"name\":\"lentopallo\",\"url\":\"https:\/\/www.alajarvenankkurit.fi\/lentopallo\/author\/lentopallo\/\"}]}<\/script>\n<!-- \/ Yoast SEO plugin. -->","yoast_head_json":{"title":"OP-turnaus 7.1.2023 - Alaj\u00e4rven Ankkurit \/ Lentopallo","robots":{"index":"index","follow":"follow","max-snippet":"max-snippet:-1","max-image-preview":"max-image-preview:large","max-video-preview":"max-video-preview:-1"},"canonical":"https:\/\/www.alajarvenankkurit.fi\/lentopallo\/op-turnaus-7-1-2023\/","og_locale":"fi_FI","og_type":"article","og_title":"OP-turnaus 7.1.2023 - Alaj\u00e4rven Ankkurit \/ Lentopallo","og_description":"Alaj\u00e4rven lentopallojaosto j\u00e4rjest\u00e4\u00e4 OP-turnauksen monitoimihallilla 7.1.2023 T\u00e4ss\u00e4 lis\u00e4\u00e4 tietoa Ilmoittautumisaikaa on pidennetty!","og_url":"https:\/\/www.alajarvenankkurit.fi\/lentopallo\/op-turnaus-7-1-2023\/","og_site_name":"Alaj\u00e4rven Ankkurit \/ Lentopallo","article_published_time":"2022-11-27T20:15:16+00:00","article_modified_time":"2023-03-19T11:25:28+00:00","og_image":[{"url":"https:\/\/www.alajarvenankkurit.fi\/lentopallo\/wp-content\/uploads\/sites\/3\/2022\/11\/OP-turnaus2-853x1024.jpg","type":"","width":"","height":""}],"author":"lentopallo","twitter_card":"summary_large_image","twitter_misc":{"Kirjoittanut":"lentopallo"},"schema":{"@context":"https:\/\/schema.org","@graph":[{"@type":"Article","@id":"https:\/\/www.alajarvenankkurit.fi\/lentopallo\/op-turnaus-7-1-2023\/#article","isPartOf":{"@id":"https:\/\/www.alajarvenankkurit.fi\/lentopallo\/op-turnaus-7-1-2023\/"},"author":{"name":"lentopallo","@id":"https:\/\/www.alajarvenankkurit.fi\/lentopallo\/#\/schema\/person\/4c66a3bf00c92ac4958fab827ce14499"},"headline":"OP-turnaus 7.1.2023","datePublished":"2022-11-27T20:15:16+00:00","dateModified":"2023-03-19T11:25:28+00:00","mainEntityOfPage":{"@id":"https:\/\/www.alajarvenankkurit.fi\/lentopallo\/op-turnaus-7-1-2023\/"},"wordCount":15,"publisher":{"@id":"https:\/\/www.alajarvenankkurit.fi\/lentopallo\/#organization"},"image":{"@id":"https:\/\/www.alajarvenankkurit.fi\/lentopallo\/op-turnaus-7-1-2023\/#primaryimage"},"thumbnailUrl":"https:\/\/www.alajarvenankkurit.fi\/lentopallo\/wp-content\/uploads\/sites\/3\/2022\/11\/OP-turnaus2-853x1024.jpg","inLanguage":"fi"},{"@type":"WebPage","@id":"https:\/\/www.alajarvenankkurit.fi\/lentopallo\/op-turnaus-7-1-2023\/","url":"https:\/\/www.alajarvenankkurit.fi\/lentopallo\/op-turnaus-7-1-2023\/","name":"OP-turnaus 7.1.2023 - Alaj\u00e4rven Ankkurit \/ Lentopallo","isPartOf":{"@id":"https:\/\/www.alajarvenankkurit.fi\/lentopallo\/#website"},"primaryImageOfPage":{"@id":"https:\/\/www.alajarvenankkurit.fi\/lentopallo\/op-turnaus-7-1-2023\/#primaryimage"},"image":{"@id":"https:\/\/www.alajarvenankkurit.fi\/lentopallo\/op-turnaus-7-1-2023\/#primaryimage"},"thumbnailUrl":"https:\/\/www.alajarvenankkurit.fi\/lentopallo\/wp-content\/uploads\/sites\/3\/2022\/11\/OP-turnaus2-853x1024.jpg","datePublished":"2022-11-27T20:15:16+00:00","dateModified":"2023-03-19T11:25:28+00:00","breadcrumb":{"@id":"https:\/\/www.alajarvenankkurit.fi\/lentopallo\/op-turnaus-7-1-2023\/#breadcrumb"},"inLanguage":"fi","potentialAction":[{"@type":"ReadAction","target":["https:\/\/www.alajarvenankkurit.fi\/lentopallo\/op-turnaus-7-1-2023\/"]}]},{"@type":"ImageObject","inLanguage":"fi","@id":"https:\/\/www.alajarvenankkurit.fi\/lentopallo\/op-turnaus-7-1-2023\/#primaryimage","url":"https:\/\/www.alajarvenankkurit.fi\/lentopallo\/wp-content\/uploads\/sites\/3\/2022\/11\/OP-turnaus2.jpg","contentUrl":"https:\/\/www.alajarvenankkurit.fi\/lentopallo\/wp-content\/uploads\/sites\/3\/2022\/11\/OP-turnaus2.jpg","width":1134,"height":1362},{"@type":"BreadcrumbList","@id":"https:\/\/www.alajarvenankkurit.fi\/lentopallo\/op-turnaus-7-1-2023\/#breadcrumb","itemListElement":[{"@type":"ListItem","position":1,"name":"Etusivu","item":"https:\/\/www.alajarvenankkurit.fi\/lentopallo\/"},{"@type":"ListItem","position":2,"name":"OP-turnaus 7.1.2023"}]},{"@type":"WebSite","@id":"https:\/\/www.alajarvenankkurit.fi\/lentopallo\/#website","url":"https:\/\/www.alajarvenankkurit.fi\/lentopallo\/","name":"Alaj\u00e4rven Ankkurit \/ Lentopallo","description":"","publisher":{"@id":"https:\/\/www.alajarvenankkurit.fi\/lentopallo\/#organization"},"potentialAction":[{"@type":"SearchAction","target":{"@type":"EntryPoint","urlTemplate":"https:\/\/www.alajarvenankkurit.fi\/lentopallo\/?s={search_term_string}"},"query-input":{"@type":"PropertyValueSpecification","valueRequired":true,"valueName":"search_term_string"}}],"inLanguage":"fi"},{"@type":"Organization","@id":"https:\/\/www.alajarvenankkurit.fi\/lentopallo\/#organization","name":"Alaj\u00e4rven Ankkurit \/ Lentopallo","url":"https:\/\/www.alajarvenankkurit.fi\/lentopallo\/","logo":{"@type":"ImageObject","inLanguage":"fi","@id":"https:\/\/www.alajarvenankkurit.fi\/lentopallo\/#\/schema\/logo\/image\/","url":"https:\/\/www.alajarvenankkurit.fi\/lentopallo\/wp-content\/uploads\/sites\/3\/2020\/11\/cropped-alajarven_ankkurit_seuralogo_2019_250px.png","contentUrl":"https:\/\/www.alajarvenankkurit.fi\/lentopallo\/wp-content\/uploads\/sites\/3\/2020\/11\/cropped-alajarven_ankkurit_seuralogo_2019_250px.png","width":250,"height":250,"caption":"Alaj\u00e4rven Ankkurit \/ Lentopallo"},"image":{"@id":"https:\/\/www.alajarvenankkurit.fi\/lentopallo\/#\/schema\/logo\/image\/"}},{"@type":"Person","@id":"https:\/\/www.alajarvenankkurit.fi\/lentopallo\/#\/schema\/person\/4c66a3bf00c92ac4958fab827ce14499","name":"lentopallo","url":"https:\/\/www.alajarvenankkurit.fi\/lentopallo\/author\/lentopallo\/"}]}},"_links":{"self":[{"href":"https:\/\/www.alajarvenankkurit.fi\/lentopallo\/wp-json\/wp\/v2\/posts\/315","targetHints":{"allow":["GET"]}}],"collection":[{"href":"https:\/\/www.alajarvenankkurit.fi\/lentopallo\/wp-json\/wp\/v2\/posts"}],"about":[{"href":"https:\/\/www.alajarvenankkurit.fi\/lentopallo\/wp-json\/wp\/v2\/types\/post"}],"author":[{"embeddable":true,"href":"https:\/\/www.alajarvenankkurit.fi\/lentopallo\/wp-json\/wp\/v2\/users\/6"}],"replies":[{"embeddable":true,"href":"https:\/\/www.alajarvenankkurit.fi\/lentopallo\/wp-json\/wp\/v2\/comments?post=315"}],"version-history":[{"count":3,"href":"https:\/\/www.alajarvenankkurit.fi\/lentopallo\/wp-json\/wp\/v2\/posts\/315\/revisions"}],"predecessor-version":[{"id":330,"href":"https:\/\/www.alajarvenankkurit.fi\/lentopallo\/wp-json\/wp\/v2\/posts\/315\/revisions\/330"}],"wp:attachment":[{"href":"https:\/\/www.alajarvenankkurit.fi\/lentopallo\/wp-json\/wp\/v2\/media?parent=315"}],"wp:term":[{"taxonomy":"category","embeddable":true,"href":"https:\/\/www.alajarvenankkurit.fi\/lentopallo\/wp-json\/wp\/v2\/categories?post=315"},{"taxonomy":"post_tag","embeddable":true,"href":"https:\/\/www.alajarvenankkurit.fi\/lentopallo\/wp-json\/wp\/v2\/tags?post=315"}],"curies":[{"name":"wp","href":"https:\/\/api.w.org\/{rel}","templated":true}]}}