{"id":264,"date":"2022-08-24T21:12:20","date_gmt":"2022-08-24T18:12:20","guid":{"rendered":"https:\/\/www.alajarvenankkurit.fi\/lentopallo\/?p=264"},"modified":"2022-08-24T21:12:20","modified_gmt":"2022-08-24T18:12:20","slug":"f-ikaisten-harjoitukset","status":"publish","type":"post","link":"https:\/\/www.alajarvenankkurit.fi\/lentopallo\/f-ikaisten-harjoitukset\/","title":{"rendered":"F-ik\u00e4isten harjoitukset"},"content":{"rendered":"\n<p>F-ik\u00e4iset 2014 ja 2015 syntyneet tyt\u00f6t ja pojat harjoittelevat torstaisin klo 18.00 &#8211; 19.00 Alaj\u00e4rven koulukeskuksessa. Kauden ensimm\u00e4iset harjoitukset pidet\u00e4\u00e4n torstaina 1.9.2022. Tervetuloa Mukaan!<\/p>\n\n\n\n<p>Valmentajina Essi ja Toni M\u00e4ki-Mantila<\/p>\n\n\n\n<div class=\"wp-block-group\"><div class=\"wp-block-group__inner-container is-layout-flow wp-block-group-is-layout-flow\">\n<p style=\"line-height:0\">Essi 0400277732, essi.terapiamessi@gmail.com<\/p>\n\n\n\n<p style=\"line-height:0\">Toni 0505664108, toni.maki-mantila@japo.fi<\/p>\n<\/div><\/div>\n\n\n\n<p>Kysy rohkeasti lis\u00e4tietoja!<\/p>\n","protected":false},"excerpt":{"rendered":"<p>F-ik\u00e4iset 2014 ja 2015 syntyneet tyt\u00f6t ja pojat harjoittelevat torstaisin klo 18.00 &#8211; 19.00 Alaj\u00e4rven koulukeskuksessa. Kauden ensimm\u00e4iset harjoitukset pidet\u00e4\u00e4n torstaina 1.9.2022. Tervetuloa Mukaan! Valmentajina Essi ja Toni M\u00e4ki-Mantila Essi 0400277732, essi.terapiamessi@gmail.com Toni 0505664108, toni.maki-mantila@japo.fi Kysy rohkeasti lis\u00e4tietoja!<\/p>\n","protected":false},"author":6,"featured_media":0,"comment_status":"closed","ping_status":"closed","sticky":false,"template":"","format":"standard","meta":{"footnotes":""},"categories":[1],"tags":[],"class_list":["post-264","post","type-post","status-publish","format-standard","hentry","category-yleinen"],"yoast_head":"<!-- This site is optimized with the Yoast SEO plugin v27.0 - https:\/\/yoast.com\/product\/yoast-seo-wordpress\/ -->\n<title>F-ik\u00e4isten harjoitukset - Alaj\u00e4rven Ankkurit \/ Lentopallo<\/title>\n<meta name=\"robots\" content=\"index, follow, max-snippet:-1, max-image-preview:large, max-video-preview:-1\" \/>\n<link rel=\"canonical\" href=\"https:\/\/www.alajarvenankkurit.fi\/lentopallo\/f-ikaisten-harjoitukset\/\" \/>\n<meta property=\"og:locale\" content=\"fi_FI\" \/>\n<meta property=\"og:type\" content=\"article\" \/>\n<meta property=\"og:title\" content=\"F-ik\u00e4isten harjoitukset - Alaj\u00e4rven Ankkurit \/ Lentopallo\" \/>\n<meta property=\"og:description\" content=\"F-ik\u00e4iset 2014 ja 2015 syntyneet tyt\u00f6t ja pojat harjoittelevat torstaisin klo 18.00 &#8211; 19.00 Alaj\u00e4rven koulukeskuksessa. Kauden ensimm\u00e4iset harjoitukset pidet\u00e4\u00e4n torstaina 1.9.2022. Tervetuloa Mukaan! Valmentajina Essi ja Toni M\u00e4ki-Mantila Essi 0400277732, essi.terapiamessi@gmail.com Toni 0505664108, toni.maki-mantila@japo.fi Kysy rohkeasti lis\u00e4tietoja!\" \/>\n<meta property=\"og:url\" content=\"https:\/\/www.alajarvenankkurit.fi\/lentopallo\/f-ikaisten-harjoitukset\/\" \/>\n<meta property=\"og:site_name\" content=\"Alaj\u00e4rven Ankkurit \/ Lentopallo\" \/>\n<meta property=\"article:published_time\" content=\"2022-08-24T18:12:20+00:00\" \/>\n<meta name=\"author\" content=\"lentopallo\" \/>\n<meta name=\"twitter:card\" content=\"summary_large_image\" \/>\n<meta name=\"twitter:label1\" content=\"Kirjoittanut\" \/>\n\t<meta name=\"twitter:data1\" content=\"lentopallo\" \/>\n<script type=\"application\/ld+json\" class=\"yoast-schema-graph\">{\"@context\":\"https:\/\/schema.org\",\"@graph\":[{\"@type\":\"Article\",\"@id\":\"https:\/\/www.alajarvenankkurit.fi\/lentopallo\/f-ikaisten-harjoitukset\/#article\",\"isPartOf\":{\"@id\":\"https:\/\/www.alajarvenankkurit.fi\/lentopallo\/f-ikaisten-harjoitukset\/\"},\"author\":{\"name\":\"lentopallo\",\"@id\":\"https:\/\/www.alajarvenankkurit.fi\/lentopallo\/#\/schema\/person\/4c66a3bf00c92ac4958fab827ce14499\"},\"headline\":\"F-ik\u00e4isten harjoitukset\",\"datePublished\":\"2022-08-24T18:12:20+00:00\",\"mainEntityOfPage\":{\"@id\":\"https:\/\/www.alajarvenankkurit.fi\/lentopallo\/f-ikaisten-harjoitukset\/\"},\"wordCount\":47,\"publisher\":{\"@id\":\"https:\/\/www.alajarvenankkurit.fi\/lentopallo\/#organization\"},\"inLanguage\":\"fi\"},{\"@type\":\"WebPage\",\"@id\":\"https:\/\/www.alajarvenankkurit.fi\/lentopallo\/f-ikaisten-harjoitukset\/\",\"url\":\"https:\/\/www.alajarvenankkurit.fi\/lentopallo\/f-ikaisten-harjoitukset\/\",\"name\":\"F-ik\u00e4isten harjoitukset - Alaj\u00e4rven Ankkurit \/ Lentopallo\",\"isPartOf\":{\"@id\":\"https:\/\/www.alajarvenankkurit.fi\/lentopallo\/#website\"},\"datePublished\":\"2022-08-24T18:12:20+00:00\",\"breadcrumb\":{\"@id\":\"https:\/\/www.alajarvenankkurit.fi\/lentopallo\/f-ikaisten-harjoitukset\/#breadcrumb\"},\"inLanguage\":\"fi\",\"potentialAction\":[{\"@type\":\"ReadAction\",\"target\":[\"https:\/\/www.alajarvenankkurit.fi\/lentopallo\/f-ikaisten-harjoitukset\/\"]}]},{\"@type\":\"BreadcrumbList\",\"@id\":\"https:\/\/www.alajarvenankkurit.fi\/lentopallo\/f-ikaisten-harjoitukset\/#breadcrumb\",\"itemListElement\":[{\"@type\":\"ListItem\",\"position\":1,\"name\":\"Etusivu\",\"item\":\"https:\/\/www.alajarvenankkurit.fi\/lentopallo\/\"},{\"@type\":\"ListItem\",\"position\":2,\"name\":\"F-ik\u00e4isten harjoitukset\"}]},{\"@type\":\"WebSite\",\"@id\":\"https:\/\/www.alajarvenankkurit.fi\/lentopallo\/#website\",\"url\":\"https:\/\/www.alajarvenankkurit.fi\/lentopallo\/\",\"name\":\"Alaj\u00e4rven Ankkurit \/ Lentopallo\",\"description\":\"\",\"publisher\":{\"@id\":\"https:\/\/www.alajarvenankkurit.fi\/lentopallo\/#organization\"},\"potentialAction\":[{\"@type\":\"SearchAction\",\"target\":{\"@type\":\"EntryPoint\",\"urlTemplate\":\"https:\/\/www.alajarvenankkurit.fi\/lentopallo\/?s={search_term_string}\"},\"query-input\":{\"@type\":\"PropertyValueSpecification\",\"valueRequired\":true,\"valueName\":\"search_term_string\"}}],\"inLanguage\":\"fi\"},{\"@type\":\"Organization\",\"@id\":\"https:\/\/www.alajarvenankkurit.fi\/lentopallo\/#organization\",\"name\":\"Alaj\u00e4rven Ankkurit \/ Lentopallo\",\"url\":\"https:\/\/www.alajarvenankkurit.fi\/lentopallo\/\",\"logo\":{\"@type\":\"ImageObject\",\"inLanguage\":\"fi\",\"@id\":\"https:\/\/www.alajarvenankkurit.fi\/lentopallo\/#\/schema\/logo\/image\/\",\"url\":\"https:\/\/www.alajarvenankkurit.fi\/lentopallo\/wp-content\/uploads\/sites\/3\/2020\/11\/cropped-alajarven_ankkurit_seuralogo_2019_250px.png\",\"contentUrl\":\"https:\/\/www.alajarvenankkurit.fi\/lentopallo\/wp-content\/uploads\/sites\/3\/2020\/11\/cropped-alajarven_ankkurit_seuralogo_2019_250px.png\",\"width\":250,\"height\":250,\"caption\":\"Alaj\u00e4rven Ankkurit \/ Lentopallo\"},\"image\":{\"@id\":\"https:\/\/www.alajarvenankkurit.fi\/lentopallo\/#\/schema\/logo\/image\/\"}},{\"@type\":\"Person\",\"@id\":\"https:\/\/www.alajarvenankkurit.fi\/lentopallo\/#\/schema\/person\/4c66a3bf00c92ac4958fab827ce14499\",\"name\":\"lentopallo\",\"url\":\"https:\/\/www.alajarvenankkurit.fi\/lentopallo\/author\/lentopallo\/\"}]}<\/script>\n<!-- \/ Yoast SEO plugin. -->","yoast_head_json":{"title":"F-ik\u00e4isten harjoitukset - Alaj\u00e4rven Ankkurit \/ Lentopallo","robots":{"index":"index","follow":"follow","max-snippet":"max-snippet:-1","max-image-preview":"max-image-preview:large","max-video-preview":"max-video-preview:-1"},"canonical":"https:\/\/www.alajarvenankkurit.fi\/lentopallo\/f-ikaisten-harjoitukset\/","og_locale":"fi_FI","og_type":"article","og_title":"F-ik\u00e4isten harjoitukset - Alaj\u00e4rven Ankkurit \/ Lentopallo","og_description":"F-ik\u00e4iset 2014 ja 2015 syntyneet tyt\u00f6t ja pojat harjoittelevat torstaisin klo 18.00 &#8211; 19.00 Alaj\u00e4rven koulukeskuksessa. Kauden ensimm\u00e4iset harjoitukset pidet\u00e4\u00e4n torstaina 1.9.2022. Tervetuloa Mukaan! Valmentajina Essi ja Toni M\u00e4ki-Mantila Essi 0400277732, essi.terapiamessi@gmail.com Toni 0505664108, toni.maki-mantila@japo.fi Kysy rohkeasti lis\u00e4tietoja!","og_url":"https:\/\/www.alajarvenankkurit.fi\/lentopallo\/f-ikaisten-harjoitukset\/","og_site_name":"Alaj\u00e4rven Ankkurit \/ Lentopallo","article_published_time":"2022-08-24T18:12:20+00:00","author":"lentopallo","twitter_card":"summary_large_image","twitter_misc":{"Kirjoittanut":"lentopallo"},"schema":{"@context":"https:\/\/schema.org","@graph":[{"@type":"Article","@id":"https:\/\/www.alajarvenankkurit.fi\/lentopallo\/f-ikaisten-harjoitukset\/#article","isPartOf":{"@id":"https:\/\/www.alajarvenankkurit.fi\/lentopallo\/f-ikaisten-harjoitukset\/"},"author":{"name":"lentopallo","@id":"https:\/\/www.alajarvenankkurit.fi\/lentopallo\/#\/schema\/person\/4c66a3bf00c92ac4958fab827ce14499"},"headline":"F-ik\u00e4isten harjoitukset","datePublished":"2022-08-24T18:12:20+00:00","mainEntityOfPage":{"@id":"https:\/\/www.alajarvenankkurit.fi\/lentopallo\/f-ikaisten-harjoitukset\/"},"wordCount":47,"publisher":{"@id":"https:\/\/www.alajarvenankkurit.fi\/lentopallo\/#organization"},"inLanguage":"fi"},{"@type":"WebPage","@id":"https:\/\/www.alajarvenankkurit.fi\/lentopallo\/f-ikaisten-harjoitukset\/","url":"https:\/\/www.alajarvenankkurit.fi\/lentopallo\/f-ikaisten-harjoitukset\/","name":"F-ik\u00e4isten harjoitukset - Alaj\u00e4rven Ankkurit \/ Lentopallo","isPartOf":{"@id":"https:\/\/www.alajarvenankkurit.fi\/lentopallo\/#website"},"datePublished":"2022-08-24T18:12:20+00:00","breadcrumb":{"@id":"https:\/\/www.alajarvenankkurit.fi\/lentopallo\/f-ikaisten-harjoitukset\/#breadcrumb"},"inLanguage":"fi","potentialAction":[{"@type":"ReadAction","target":["https:\/\/www.alajarvenankkurit.fi\/lentopallo\/f-ikaisten-harjoitukset\/"]}]},{"@type":"BreadcrumbList","@id":"https:\/\/www.alajarvenankkurit.fi\/lentopallo\/f-ikaisten-harjoitukset\/#breadcrumb","itemListElement":[{"@type":"ListItem","position":1,"name":"Etusivu","item":"https:\/\/www.alajarvenankkurit.fi\/lentopallo\/"},{"@type":"ListItem","position":2,"name":"F-ik\u00e4isten harjoitukset"}]},{"@type":"WebSite","@id":"https:\/\/www.alajarvenankkurit.fi\/lentopallo\/#website","url":"https:\/\/www.alajarvenankkurit.fi\/lentopallo\/","name":"Alaj\u00e4rven Ankkurit \/ Lentopallo","description":"","publisher":{"@id":"https:\/\/www.alajarvenankkurit.fi\/lentopallo\/#organization"},"potentialAction":[{"@type":"SearchAction","target":{"@type":"EntryPoint","urlTemplate":"https:\/\/www.alajarvenankkurit.fi\/lentopallo\/?s={search_term_string}"},"query-input":{"@type":"PropertyValueSpecification","valueRequired":true,"valueName":"search_term_string"}}],"inLanguage":"fi"},{"@type":"Organization","@id":"https:\/\/www.alajarvenankkurit.fi\/lentopallo\/#organization","name":"Alaj\u00e4rven Ankkurit \/ Lentopallo","url":"https:\/\/www.alajarvenankkurit.fi\/lentopallo\/","logo":{"@type":"ImageObject","inLanguage":"fi","@id":"https:\/\/www.alajarvenankkurit.fi\/lentopallo\/#\/schema\/logo\/image\/","url":"https:\/\/www.alajarvenankkurit.fi\/lentopallo\/wp-content\/uploads\/sites\/3\/2020\/11\/cropped-alajarven_ankkurit_seuralogo_2019_250px.png","contentUrl":"https:\/\/www.alajarvenankkurit.fi\/lentopallo\/wp-content\/uploads\/sites\/3\/2020\/11\/cropped-alajarven_ankkurit_seuralogo_2019_250px.png","width":250,"height":250,"caption":"Alaj\u00e4rven Ankkurit \/ Lentopallo"},"image":{"@id":"https:\/\/www.alajarvenankkurit.fi\/lentopallo\/#\/schema\/logo\/image\/"}},{"@type":"Person","@id":"https:\/\/www.alajarvenankkurit.fi\/lentopallo\/#\/schema\/person\/4c66a3bf00c92ac4958fab827ce14499","name":"lentopallo","url":"https:\/\/www.alajarvenankkurit.fi\/lentopallo\/author\/lentopallo\/"}]}},"_links":{"self":[{"href":"https:\/\/www.alajarvenankkurit.fi\/lentopallo\/wp-json\/wp\/v2\/posts\/264","targetHints":{"allow":["GET"]}}],"collection":[{"href":"https:\/\/www.alajarvenankkurit.fi\/lentopallo\/wp-json\/wp\/v2\/posts"}],"about":[{"href":"https:\/\/www.alajarvenankkurit.fi\/lentopallo\/wp-json\/wp\/v2\/types\/post"}],"author":[{"embeddable":true,"href":"https:\/\/www.alajarvenankkurit.fi\/lentopallo\/wp-json\/wp\/v2\/users\/6"}],"replies":[{"embeddable":true,"href":"https:\/\/www.alajarvenankkurit.fi\/lentopallo\/wp-json\/wp\/v2\/comments?post=264"}],"version-history":[{"count":1,"href":"https:\/\/www.alajarvenankkurit.fi\/lentopallo\/wp-json\/wp\/v2\/posts\/264\/revisions"}],"predecessor-version":[{"id":265,"href":"https:\/\/www.alajarvenankkurit.fi\/lentopallo\/wp-json\/wp\/v2\/posts\/264\/revisions\/265"}],"wp:attachment":[{"href":"https:\/\/www.alajarvenankkurit.fi\/lentopallo\/wp-json\/wp\/v2\/media?parent=264"}],"wp:term":[{"taxonomy":"category","embeddable":true,"href":"https:\/\/www.alajarvenankkurit.fi\/lentopallo\/wp-json\/wp\/v2\/categories?post=264"},{"taxonomy":"post_tag","embeddable":true,"href":"https:\/\/www.alajarvenankkurit.fi\/lentopallo\/wp-json\/wp\/v2\/tags?post=264"}],"curies":[{"name":"wp","href":"https:\/\/api.w.org\/{rel}","templated":true}]}}